{"id":49008,"date":"2026-03-16T23:16:08","date_gmt":"2026-03-16T23:16:08","guid":{"rendered":"https:\/\/www.europesays.com\/at\/49008\/"},"modified":"2026-03-16T23:16:08","modified_gmt":"2026-03-16T23:16:08","slug":"edith-stehfest-knutschfleck-eklat-mit-eric-bei-promis-unter-palmen","status":"publish","type":"post","link":"https:\/\/www.europesays.com\/at\/49008\/","title":{"rendered":"Edith Stehfest: Knutschfleck-Eklat mit Eric bei &#8222;Promis unter Palmen&#8220;"},"content":{"rendered":"<p>Edith Stehfest: Comeback mit Knutschfleck bei &#8222;Promis unter Palmen&#8220;\u00a0<\/p>\n<p>Bei &#8222;Promis unter Palmen&#8220; \u00fcberschlagen sich in den n\u00e4chsten Folgen offenbar die Ereignisse: Nach einem heftigen Zoff &#8211; <a href=\"https:\/\/www.ok-magazin.de\/tv-streaming\/promis-unter-palmen-nach-homophobie-skandal-promi-steigt-freiwillig-aus-112615.html\" data-entity-type=\"node\" data-entity-uuid=\"d6efddac-78db-4cf9-ac5e-002c590f2e3d\" data-entity-substitution=\"canonical\" rel=\"nofollow noopener\" target=\"_blank\">inklusive Homophobie-Eklat<\/a> &#8211; mit Martin Angelo (32) entschied sich Anouschka Renzi (61) dazu, die Sat.1-Show freiwillig zu verlassen. Schnell keimte vor allem bei Eric Stehfest (36) die Hoffnung auf, dass nach dem Exit ein bereits ausgeschiedener Kandidat zur\u00fcckkehren k\u00f6nnte, denn so war es auch <a href=\"https:\/\/www.ok-magazin.de\/tv-streaming\/silvia-wollny-klinik-nach-unfall-darum-musste-sie-promis-unter-palmen-verlassen-112460.html\" data-entity-type=\"node\" data-entity-uuid=\"9b6b5993-258e-41df-af14-36e6b79a56de\" data-entity-substitution=\"canonical\" rel=\"nofollow noopener\" target=\"_blank\">nach Silvia Wollnys (61) vorzeitigem Aus<\/a> der Fall &#8211; und dieser Wunsch soll sich in Folge 5 nun erf\u00fcllen &#8230;<\/p>\n<p>Eric Stehfest \u00fcber Ediths Knutschfleck: &#8222;Ekelhaft!&#8220;<\/p>\n<p>In der f\u00fcnften &#8222;Promis unter Palmen&#8220;-Szene kam es zu einem Comeback von Erics Noch-Ehefrau Edith Stehfest (30)! &#8222;Ich bin wieder da&#8220;, erkl\u00e4rt sie freudestrahlend. W\u00e4hrend sich Maurice Dziwak (27) und Co. nicht sonderlich dar\u00fcber freuen, sieht das bei Ediths Noch-Ehemann Eric anders aus. Doch die anf\u00e4ngliche Freude \u00fcber Ediths R\u00fcckkehr ist nicht von Dauer, denn offenbar nutzte die 30-J\u00e4hrige die Zeit au\u00dferhalb der Reality-Show anderweitig. &#8222;Was hast&#8217;n du am Hals?&#8220;, will der einstige GZSZ-Star von Edith wissen, an deren Hals ein deutlich sichtbarer Knutschfleck prangt. &#8222;Wie sieht&#8217;s denn aus?&#8220;, fragt sie zun\u00e4chst provokant, erkl\u00e4rt dann aber: &#8222;Ein thail\u00e4ndisches Souvenir.&#8220; Eine Aussage, die f\u00fcr Kopfsch\u00fctteln und Fassungslosigkeit bei Eric sorgt: &#8222;Ekelhaft!&#8220;, quittiert er das Ganze. Im Einzelinterview zeigt sich der 36-J\u00e4hrige dann entt\u00e4uscht: &#8222;Mir ging es gerade mal wieder ein bisschen besser, jetzt geht es mir wieder richtig schei\u00dfe. Das ist mir auch einfach eine Nummer zu krass, ehrlich gesagt.&#8220;<\/p>\n<p>Auch bei den anderen &#8222;Promis unter Palmen&#8220;-Kandidaten sorgen Ediths Knutschflecke f\u00fcr Gespr\u00e4chsstoff: &#8222;Da kommt die Edith zur\u00fcck mit einem Hals voller Knutschflecken. Sie hat sich auf jeden Fall richtig geg\u00f6nnt in der Zeit, wo sie drau\u00dfen war&#8220;, so Martin Angelo (32) grinsend. Edith selbst zeigt sich von den Reaktionen und der Entt\u00e4uschung ihres Noch-Ehemannes aber unbeeindruckt: &#8222;Ist mir schei\u00df egal und ich mach, was ich will. (\u2026) Wir sind ein Team \u2026 Allerdings wei\u00df ich auch, dass ich gerade lerne, dass ich Entscheidungen treffe f\u00fcr mich ganz alleine.&#8220;\u00a0<\/p>\n<p>Edith Stehfest eifers\u00fcchtig auf Gina-Lisa Lohfink?<\/p>\n<p>Doch das war l\u00e4ngst nicht alles: Denn w\u00e4hrend Edith ihre &#8222;Promis unter Palmen&#8220;-Auszeit ganz offensichtlich auf besondere Art und Weise genutzt hatte, ist es ihr selbst ein Dorn im Auge, dass sich Eric ein Bett mit Gina-Lisa Lohfink (39) teilt! &#8222;Warum liegt die dann in deinem Bett und geht nicht bei Martin mit ins Bett?&#8220;, doch das lie\u00df sich Eric nicht gefallen: &#8222;Warum hast du Knutschflecken? Das finde ich \u00fcbrigens eine gro\u00dfe Frechheit, Edith. Das h\u00e4tte nicht sein m\u00fcssen, ehrlich gesagt (&#8230;) Da kann man sich auch mal entschuldigen. Tut mir einfach weh, wei\u00dft du? Verletzt mich einfach richtig krass. Da brauchst du mir jetzt nicht kommen mit &#8218;Was liegt Gina da?'&#8220; Im Einzelinterview betont er weiter:\u00a0<\/p>\n<p>Schade, dass Edith sich ihren Freiraum nimmt und macht, was sie will und ich sozusagen immer ein bisschen kritisiert werde, wenn ich irgendwas mache, wobei ich ja nicht mal irgendwas mache. Jetzt sind wir halt hier und haben die Chance, nochmal gemeinsam hier zusammenzuarbeiten und ich hoffe, dass wir die Gelegenheit einfach nutzen und das Edith nicht noch anf\u00e4ngt, sich gegen mich zu stellen.\u00a0<\/p>\n<p>Warum Edith Stehfest \u00fcberhaupt mit so deutlich sichtbaren Knutschflecken zur\u00fcck in die Villa kam? Nach eigenen Angaben, um Eric bewusst zu provozieren: &#8222;Ich wusste, dass das der gr\u00f6\u00dfte Mittelfinger ist, mit dem ich hier reinkommen kann. (\u2026) Solange er das nicht macht (sie anschreien beziehungsweise ihr seine Meinung sagen, Anm. d. Red.), werde ich mich so ihm gegen\u00fcber verhalten, damit er seine Eier zur\u00fcckbekommt.&#8220;<\/p>\n<p>&#8222;Promis unter Palmen&#8220; l\u00e4uft montags um 20:15 Uhr in Sat.1 und auf Joyn.<\/p>\n<p>Verwendete Quellen: Sat.1, OKmag.de<\/p>\n","protected":false},"excerpt":{"rendered":"Edith Stehfest: Comeback mit Knutschfleck bei &#8222;Promis unter Palmen&#8220;\u00a0 Bei &#8222;Promis unter Palmen&#8220; \u00fcberschlagen sich in den n\u00e4chsten&hellip;\n","protected":false},"author":2,"featured_media":49009,"comment_status":"","ping_status":"","sticky":false,"template":"","format":"standard","meta":{"footnotes":"","_share_on_mastodon":"0"},"categories":[25],"tags":[46,42,3327,20617,147,20616,44,11482,3326,156,155,148],"class_list":["post-49008","post","type-post","status-publish","format-standard","has-post-thumbnail","category-serien","tag-at","tag-austria","tag-deutsche-stars","tag-edith-stehfest","tag-entertainment","tag-eric-stehfest","tag-oesterreich","tag-promis-unter-palmen","tag-reality-shows","tag-serien","tag-series","tag-unterhaltung"],"share_on_mastodon":{"url":"https:\/\/pubeurope.com\/@at\/116241405355282966","error":""},"_links":{"self":[{"href":"https:\/\/www.europesays.com\/at\/wp-json\/wp\/v2\/posts\/49008","targetHints":{"allow":["GET"]}}],"collection":[{"href":"https:\/\/www.europesays.com\/at\/wp-json\/wp\/v2\/posts"}],"about":[{"href":"https:\/\/www.europesays.com\/at\/wp-json\/wp\/v2\/types\/post"}],"author":[{"embeddable":true,"href":"https:\/\/www.europesays.com\/at\/wp-json\/wp\/v2\/users\/2"}],"replies":[{"embeddable":true,"href":"https:\/\/www.europesays.com\/at\/wp-json\/wp\/v2\/comments?post=49008"}],"version-history":[{"count":0,"href":"https:\/\/www.europesays.com\/at\/wp-json\/wp\/v2\/posts\/49008\/revisions"}],"wp:featuredmedia":[{"embeddable":true,"href":"https:\/\/www.europesays.com\/at\/wp-json\/wp\/v2\/media\/49009"}],"wp:attachment":[{"href":"https:\/\/www.europesays.com\/at\/wp-json\/wp\/v2\/media?parent=49008"}],"wp:term":[{"taxonomy":"category","embeddable":true,"href":"https:\/\/www.europesays.com\/at\/wp-json\/wp\/v2\/categories?post=49008"},{"taxonomy":"post_tag","embeddable":true,"href":"https:\/\/www.europesays.com\/at\/wp-json\/wp\/v2\/tags?post=49008"}],"curies":[{"name":"wp","href":"https:\/\/api.w.org\/{rel}","templated":true}]}}