{"id":49454,"date":"2026-03-17T06:42:07","date_gmt":"2026-03-17T06:42:07","guid":{"rendered":"https:\/\/www.europesays.com\/at\/49454\/"},"modified":"2026-03-17T06:42:07","modified_gmt":"2026-03-17T06:42:07","slug":"jwm-steht-an-gigler-in-kanada-lussnigs-mischen-st-moritz-auf","status":"publish","type":"post","link":"https:\/\/www.europesays.com\/at\/49454\/","title":{"rendered":"JWM steht an &#8211; Gigler in Kanada, Lussnigs mischen St. Moritz auf"},"content":{"rendered":"<p>Medaille scheint f\u00fcr Leonie m\u00f6glich<br \/>Schon diese Woche will Lussnigs um vier Jahre j\u00fcngere Schwester Leonie im Schweizer Nobelskiort f\u00fcr Schlagzeilen sorgen, wenn es bei den Junioren-Weltmeisterschaften um die Medaillen geht. \u201ePasst alles zusammen, ist eine Medaille drinnen\u201c, ist Markus Gutenbrunner, sportlicher Leiter der \u00d6SV-Skicrosser, optimistisch. Heute erfolgt die Anreise, morgen stehen die Trainings an, am Donnerstag die Quali, am Freitag wartet dann der Einzel- und am Samstag der Teambewerb.<\/p>\n","protected":false},"excerpt":{"rendered":"Medaille scheint f\u00fcr Leonie m\u00f6glichSchon diese Woche will Lussnigs um vier Jahre j\u00fcngere Schwester Leonie im Schweizer Nobelskiort&hellip;\n","protected":false},"author":2,"featured_media":49455,"comment_status":"","ping_status":"","sticky":false,"template":"","format":"standard","meta":{"footnotes":"","_share_on_mastodon":"0"},"categories":[18],"tags":[46,42,330,10268,20764,4626,20765,20766,20767,44,4498,20768,109,108,859],"class_list":["post-49454","post","type-post","status-publish","format-standard","has-post-thumbnail","category-sport","tag-at","tag-austria","tag-kanada","tag-kanadische","tag-leonie","tag-livigno","tag-lussnigs","tag-markus-gutenbrunner","tag-nicolas-lussnig","tag-oesterreich","tag-oesv","tag-sonja-gigler","tag-sport","tag-sports","tag-st-moritz"],"share_on_mastodon":{"url":"https:\/\/pubeurope.com\/@at\/116243159246497578","error":""},"_links":{"self":[{"href":"https:\/\/www.europesays.com\/at\/wp-json\/wp\/v2\/posts\/49454","targetHints":{"allow":["GET"]}}],"collection":[{"href":"https:\/\/www.europesays.com\/at\/wp-json\/wp\/v2\/posts"}],"about":[{"href":"https:\/\/www.europesays.com\/at\/wp-json\/wp\/v2\/types\/post"}],"author":[{"embeddable":true,"href":"https:\/\/www.europesays.com\/at\/wp-json\/wp\/v2\/users\/2"}],"replies":[{"embeddable":true,"href":"https:\/\/www.europesays.com\/at\/wp-json\/wp\/v2\/comments?post=49454"}],"version-history":[{"count":0,"href":"https:\/\/www.europesays.com\/at\/wp-json\/wp\/v2\/posts\/49454\/revisions"}],"wp:featuredmedia":[{"embeddable":true,"href":"https:\/\/www.europesays.com\/at\/wp-json\/wp\/v2\/media\/49455"}],"wp:attachment":[{"href":"https:\/\/www.europesays.com\/at\/wp-json\/wp\/v2\/media?parent=49454"}],"wp:term":[{"taxonomy":"category","embeddable":true,"href":"https:\/\/www.europesays.com\/at\/wp-json\/wp\/v2\/categories?post=49454"},{"taxonomy":"post_tag","embeddable":true,"href":"https:\/\/www.europesays.com\/at\/wp-json\/wp\/v2\/tags?post=49454"}],"curies":[{"name":"wp","href":"https:\/\/api.w.org\/{rel}","templated":true}]}}