{"id":50630,"date":"2026-03-17T19:10:14","date_gmt":"2026-03-17T19:10:14","guid":{"rendered":"https:\/\/www.europesays.com\/at\/50630\/"},"modified":"2026-03-17T19:10:14","modified_gmt":"2026-03-17T19:10:14","slug":"monumentales-konzert-singakademie-moedling-fuehrt-matthaeuspassion-auf","status":"publish","type":"post","link":"https:\/\/www.europesays.com\/at\/50630\/","title":{"rendered":"Monumentales Konzert &#8211; Singakademie M\u00f6dling f\u00fchrt \u201eMatth\u00e4uspassion\u201c auf"},"content":{"rendered":"<p>        <img decoding=\"async\" src=\"https:\/\/www.europesays.com\/at\/wp-content\/uploads\/2026\/03\/img-JJ6sqZpmyorVwSrr.jpeg\" data-fullscreen-src=\"https:\/\/www.noen.at\/image\/3840x0-jpg\/6268193\/img-JJ6sqZpmyorVwSrr.jpeg\" bad-src=\"https:\/\/www.europesays.com\/at\/wp-content\/uploads\/2026\/03\/img-JJ6sqZpmyorVwSrr.jpeg\" data-teaser-member=\"image\" alt=\"mod12ku-singakademie\"\/><\/p>\n<p>\n                Es wird ein monumentales Konzert: Die M\u00f6dlinger Singakademie tritt zusammen mit dem Mozart Knabenchor Wien auf.            <\/p>\n<p>\n                Foto:<br \/>\n                Singakademie, Heinz Strelec                            <\/p>\n<p>\n        Zwei Ch\u00f6re, Orchester und Solisten lassen am Palmsonntag in der Perchtoldsdorfer Burg aufhorchen.     <\/p>\n<p>Die Matth\u00e4uspassion von Johann Sebastian Bach ist nicht nur ein H\u00f6hepunkt protestatischer Kirchenmusik, sondern in ihrer Monumentalit\u00e4t mit zwei Ch\u00f6ren, Orchester und Solisten eines der umfangreichsten und am st\u00e4rksten besetzten Werke seiner Art. Am Palmsonntag, 29. M\u00e4rz, um 18 Uhr, wird sie von der Singakademie M\u00f6dling zusammen mit dem Mozart-Knabenchor Wien und dem Originalklang-Orchester \u201eSolamente Naturali\u201c in der Perchtoldsdorfer Burg zur Auff\u00fchrung gebracht.<\/p>\n<p>F\u00fcr das Konzert konnten renommierte Solisten gewonnen werden: Cornelia Horak (Sopran), Melinda Heiter (Alt), Robert Bartnek (Tenor), Sebastian Parotte (Bass) und Paul Armin Edelmann (Bass). Die musikalische Leitung liegt in den bew\u00e4hrten H\u00e4nden von Antal Barn\u00e1s. Tickets unter<\/p>\n<p>https:\/\/shop.eventjet.at\/perchtoldsdorf<\/p>\n","protected":false},"excerpt":{"rendered":"Es wird ein monumentales Konzert: Die M\u00f6dlinger Singakademie tritt zusammen mit dem Mozart Knabenchor Wien auf. Foto: Singakademie,&hellip;\n","protected":false},"author":2,"featured_media":50631,"comment_status":"","ping_status":"","sticky":false,"template":"","format":"standard","meta":{"footnotes":"","_share_on_mastodon":"0"},"categories":[22],"tags":[2026,21239,46,42,147,21241,44,21240,148],"class_list":["post-50630","post","type-post","status-publish","format-standard","has-post-thumbnail","category-unterhaltung","tag-_isshort","tag-antal-barnas","tag-at","tag-austria","tag-entertainment","tag-matthaeus-passion","tag-oesterreich","tag-singakademie-moedling","tag-unterhaltung"],"share_on_mastodon":{"url":"https:\/\/pubeurope.com\/@at\/116246100309714547","error":""},"_links":{"self":[{"href":"https:\/\/www.europesays.com\/at\/wp-json\/wp\/v2\/posts\/50630","targetHints":{"allow":["GET"]}}],"collection":[{"href":"https:\/\/www.europesays.com\/at\/wp-json\/wp\/v2\/posts"}],"about":[{"href":"https:\/\/www.europesays.com\/at\/wp-json\/wp\/v2\/types\/post"}],"author":[{"embeddable":true,"href":"https:\/\/www.europesays.com\/at\/wp-json\/wp\/v2\/users\/2"}],"replies":[{"embeddable":true,"href":"https:\/\/www.europesays.com\/at\/wp-json\/wp\/v2\/comments?post=50630"}],"version-history":[{"count":0,"href":"https:\/\/www.europesays.com\/at\/wp-json\/wp\/v2\/posts\/50630\/revisions"}],"wp:featuredmedia":[{"embeddable":true,"href":"https:\/\/www.europesays.com\/at\/wp-json\/wp\/v2\/media\/50631"}],"wp:attachment":[{"href":"https:\/\/www.europesays.com\/at\/wp-json\/wp\/v2\/media?parent=50630"}],"wp:term":[{"taxonomy":"category","embeddable":true,"href":"https:\/\/www.europesays.com\/at\/wp-json\/wp\/v2\/categories?post=50630"},{"taxonomy":"post_tag","embeddable":true,"href":"https:\/\/www.europesays.com\/at\/wp-json\/wp\/v2\/tags?post=50630"}],"curies":[{"name":"wp","href":"https:\/\/api.w.org\/{rel}","templated":true}]}}