{"id":51897,"date":"2026-03-18T11:03:09","date_gmt":"2026-03-18T11:03:09","guid":{"rendered":"https:\/\/www.europesays.com\/at\/51897\/"},"modified":"2026-03-18T11:03:09","modified_gmt":"2026-03-18T11:03:09","slug":"havel-bleibt-hartberg-zieht-option-bei-lask-stuermer","status":"publish","type":"post","link":"https:\/\/www.europesays.com\/at\/51897\/","title":{"rendered":"Havel bleibt! Hartberg zieht Option bei LASK-St\u00fcrmer"},"content":{"rendered":"<p>Der <a href=\"https:\/\/www.skysportaustria.at\/fussball\/admiral-bundesliga\/tsv-hartberg\/\" rel=\"nofollow noopener\" target=\"_blank\">TSV Hartberg<\/a> hat die Option bei Leihspieler Elias Havel gezogen und den St\u00fcrmer fix vom <a href=\"https:\/\/www.skysportaustria.at\/fussball\/admiral-bundesliga\/lask\/\" rel=\"nofollow noopener\" target=\"_blank\">LASK<\/a> verpflichtet. Das gab der Verein am Mittwochvormittag bekannt.\u00a0<\/p>\n<p>Nach Sky-Informationen befindet sich die Abl\u00f6sesumme im unteren sechsstelligen Bereich. Havel unterschreibt in Hartberg einen Vertrag bis Juni 2028.<\/p>\n<p>Der 22-J\u00e4hrige konnte w\u00e4hrend seiner Leihe in der Oststeiermark \u00fcberzeugen. In 23 Ligaspielen traf der Wiener zehn Mal und bereitete vier weitere Treffer vor, in drei \u00d6FB-Cup-Partien kamen drei weitere Tore dazu. In der Fr\u00fchjahrssaison durfte der Offensivspieler allerdings noch auf seinen ersten Torerfolg warten.<\/p>\n<p>Es ist nach der <a href=\"https:\/\/www.skysportaustria.at\/option-gezogen-hartberg-verlaengert-mit-leistungstraeger\/\" rel=\"nofollow noopener\" target=\"_blank\">gezogenen Vertragsoption bei Mittelfeldspieler Benjamin Markus<\/a> bereits die zweite gekl\u00e4rte Personalie f\u00fcr die Hartberger. Vertragsgespr\u00e4che mit weiteren St\u00fctzen, wie etwa Kapit\u00e4n J\u00fcrgen Heil und Trainer Manfred Schmid sollen in K\u00fcrze starten.<\/p>\n<p>Havel \u00fcber Hartberg: \u201eWie eine zweite Familie f\u00fcr mich\u201c<\/p>\n<p>Havel selbst \u00e4u\u00dfert sich in einer Vereinsaussendung zu seinem festen Transfer: \u201eIch freue mich, weiterhin f\u00fcr den TSV auflaufen zu d\u00fcrfen! Hartberg ist wie eine zweite Familie f\u00fcr mich. Jetzt hei\u00dft es, nochmal alles zu geben \u2013 in den letzten Spielen die gro\u00dfen Mannschaften zu \u00e4rgern und das Beste rauszuholen!\u201d<\/p>\n<p>Auch Hartberg-Obmann Erich Korherr sagt via Klub-Mitteilung: \u201eElias ist ein Paradebeispiel daf\u00fcr, wie sich ein Spieler beim TSV Hartberg in Ruhe weiterentwickeln und sein volles Potenzial entfalten kann. Nach vielen verletzungsbedingten R\u00fcckschl\u00e4gen hat er sich mit enormem Einsatz zur\u00fcckgek\u00e4mpft und ist heute k\u00f6rperlich so fit wie noch nie. Wenn man ihn t\u00e4glich am Platz sieht, sp\u00fcrt man sofort, mit welcher Freude, Leidenschaft und \u00dcberzeugung er Fu\u00dfball lebt.\u00a0Eli bringt viele Qualit\u00e4ten mit: Seine enorme Schnelligkeit, gepaart mit einem ausgepr\u00e4gten Torinstinkt, macht ihn f\u00fcr jeden Gegner brandgef\u00e4hrlich. Gleichzeitig ist er nicht nur ein hervorragender Fu\u00dfballer, sondern auch menschlich ein gro\u00dfartiger Charakter, der perfekt in unsere Mannschaft passt. Wir sind sehr stolz auf ihn.<\/p>\n<p>Die Ziehung der Option ist f\u00fcr uns deshalb ein logischer und wichtiger Schritt, so nimmt die Mannschaft f\u00fcr n\u00e4chste Saison bereits Formen an, der junge eingeschlagene Weg wird fortgesetzt. Wir sind \u00fcberzeugt, dass Eli noch nicht am Ende seiner Entwicklung angekommen ist und noch st\u00e4rker werden kann. Es freut uns sehr, ihn auf diesem Weg weiterhin begleiten zu d\u00fcrfen. Er genie\u00dft unser vollstes Vertrauen und ich bin \u00fcberzeugt, dass er seine Torsperre im Jahr 2026 schon bald \u2013 vielleicht bereits am Sonntag gegen die Wiener Austria \u2013 durchbrechen wird. Wir werden mit Eli noch viel Freude haben.\u201c<\/p>\n<p>Aus Datenschutz-Gr\u00fcnden ist dieser Inhalt ausgeblendet. Die Einbettung von externen Inhalten kann hier aktiviert werden:<\/p>\n<p>Externe Inhalte aktivieren<\/p>\n<p>Mehr Infos in K\u00fcrze!<\/p>\n<p><a href=\"https:\/\/www.skysportaustria.at\/ungeklaerte-personalien-die-baustellen-des-tsv-hartberg\/\" rel=\"nofollow noopener\" target=\"_blank\">Ungekl\u00e4rte Personalien: Die Baustellen des TSV Hartberg<\/a><\/p>\n<p><a class=\"ad-msg\" href=\"https:\/\/skyx.sky.at\/angebote\/sport?DCMP=bac-SSA-na-Textlink\" target=\"_blank\" rel=\"nofollow noopener\"><img loading=\"lazy\" decoding=\"async\" width=\"900\" height=\"300\" src=\"https:\/\/www.europesays.com\/at\/wp-content\/uploads\/2026\/03\/1773496686_967_SkyX_Traumpass_Sport_03_2025_900x300_15EURO.jpg\" class=\"ad-msg__image ad-msg__image--mobile\" alt=\"Werbung\"  \/><\/a><\/p>\n<p>Bild: GEPA<\/p>\n","protected":false},"excerpt":{"rendered":"Der TSV Hartberg hat die Option bei Leihspieler Elias Havel gezogen und den St\u00fcrmer fix vom LASK verpflichtet.&hellip;\n","protected":false},"author":2,"featured_media":51898,"comment_status":"","ping_status":"","sticky":false,"template":"","format":"standard","meta":{"footnotes":"","_share_on_mastodon":"0"},"categories":[18],"tags":[46,42,19458,2356,44,109,108,772],"class_list":["post-51897","post","type-post","status-publish","format-standard","has-post-thumbnail","category-sport","tag-at","tag-austria","tag-elias-havel","tag-lask","tag-oesterreich","tag-sport","tag-sports","tag-tsv-hartberg"],"share_on_mastodon":{"url":"https:\/\/pubeurope.com\/@at\/116249847578806608","error":""},"_links":{"self":[{"href":"https:\/\/www.europesays.com\/at\/wp-json\/wp\/v2\/posts\/51897","targetHints":{"allow":["GET"]}}],"collection":[{"href":"https:\/\/www.europesays.com\/at\/wp-json\/wp\/v2\/posts"}],"about":[{"href":"https:\/\/www.europesays.com\/at\/wp-json\/wp\/v2\/types\/post"}],"author":[{"embeddable":true,"href":"https:\/\/www.europesays.com\/at\/wp-json\/wp\/v2\/users\/2"}],"replies":[{"embeddable":true,"href":"https:\/\/www.europesays.com\/at\/wp-json\/wp\/v2\/comments?post=51897"}],"version-history":[{"count":0,"href":"https:\/\/www.europesays.com\/at\/wp-json\/wp\/v2\/posts\/51897\/revisions"}],"wp:featuredmedia":[{"embeddable":true,"href":"https:\/\/www.europesays.com\/at\/wp-json\/wp\/v2\/media\/51898"}],"wp:attachment":[{"href":"https:\/\/www.europesays.com\/at\/wp-json\/wp\/v2\/media?parent=51897"}],"wp:term":[{"taxonomy":"category","embeddable":true,"href":"https:\/\/www.europesays.com\/at\/wp-json\/wp\/v2\/categories?post=51897"},{"taxonomy":"post_tag","embeddable":true,"href":"https:\/\/www.europesays.com\/at\/wp-json\/wp\/v2\/tags?post=51897"}],"curies":[{"name":"wp","href":"https:\/\/api.w.org\/{rel}","templated":true}]}}