{"id":52332,"date":"2026-03-18T15:29:07","date_gmt":"2026-03-18T15:29:07","guid":{"rendered":"https:\/\/www.europesays.com\/at\/52332\/"},"modified":"2026-03-18T15:29:07","modified_gmt":"2026-03-18T15:29:07","slug":"martin-angelo-eric-und-edith-zusammen-war-horror","status":"publish","type":"post","link":"https:\/\/www.europesays.com\/at\/52332\/","title":{"rendered":"Martin Angelo: &#8222;Eric und Edith zusammen war Horror&#8220;"},"content":{"rendered":"<p>Martin \u00fcber Eric &amp; Edith: &#8222;Das war auf jeden Fall Horror&#8220;<\/p>\n<p>Wie die Zeit mit Ex-Paar Eric und Edith Stehfest bei &#8222;Promis unter Palmen&#8220; wirklich war, haben wir Show-Kollege Martin Angelo (32) bei Olivia Jones&#8216; (56) Er\u00f6ffnung ihrer neuen &#8222;Olivias Dschungel Bar&#8220; in Hamburg gefragt. Die ehrliche und deutliche Antwort des 32-J\u00e4hrigen:\u00a0<\/p>\n<p>Also Eric und Edith, die beiden zusammen, das war auf jeden Fall Horror. Kann man nicht anders in Worte fassen.<\/p>\n<p>Dennoch k\u00f6nne Martin im Nachhinein nichts Negatives \u00fcber die beiden sagen: &#8222;Dennoch muss ich sagen, dass ich alle beide wirklich irgendwie ins Herz geschlossen habe.&#8220; Besonders mit dem einstigen GZSZ-Star habe er heute noch guten Kontakt und wisse dessen Tiefgr\u00fcndigkeit zu sch\u00e4tzen: &#8222;Vor allem mit Eric pflege ich auch einen sehr guten Kontakt und mag den auch wirklich sehr gerne. Und ich liebe Menschen, mit denen man einfach auch tiefgr\u00fcndige Gespr\u00e4che f\u00fchren kann. Und das kann man mit dem auf jeden Fall&#8220;, so Martin weiter.\u00a0<\/p>\n<p>Mit Anouschka Renzi kam es nach dem Homophpobie-Eklat in Folge 4 aber hingegen<a href=\"https:\/\/www.ok-magazin.de\/people\/martin-angelo-im-interview-anouschka-renzi-hat-sich-nicht-wirklich-entschuldigt-112769.html\" data-entity-type=\"node\" data-entity-uuid=\"c1d2acb5-ef96-483f-a961-b7da729ee2a9\" data-entity-substitution=\"canonical\" rel=\"nofollow noopener\" target=\"_blank\"> keinerlei Aussprache mehr. <\/a>Martin Angelo erkl\u00e4rte: &#8222;Sie hat sich nicht wirklich entschuldigt. Also, ne, eine richtige Entschuldigung sieht auf jeden Fall anders aus.&#8220;\u00a0<\/p>\n<p>&#8222;Promis unter Palmen&#8220; l\u00e4uft montags um 20:15 Uhr in Sat.1 und auf Joyn.<\/p>\n<p>Verwendete Quellen: Eigenes Interview<\/p>\n","protected":false},"excerpt":{"rendered":"Martin \u00fcber Eric &amp; Edith: &#8222;Das war auf jeden Fall Horror&#8220; Wie die Zeit mit Ex-Paar Eric und&hellip;\n","protected":false},"author":2,"featured_media":52333,"comment_status":"","ping_status":"","sticky":false,"template":"","format":"standard","meta":{"footnotes":"","_share_on_mastodon":"0"},"categories":[25],"tags":[46,42,3327,20617,147,20616,44,11482,3326,156,155,148],"class_list":["post-52332","post","type-post","status-publish","format-standard","has-post-thumbnail","category-serien","tag-at","tag-austria","tag-deutsche-stars","tag-edith-stehfest","tag-entertainment","tag-eric-stehfest","tag-oesterreich","tag-promis-unter-palmen","tag-reality-shows","tag-serien","tag-series","tag-unterhaltung"],"share_on_mastodon":{"url":"https:\/\/pubeurope.com\/@at\/116250893609168696","error":""},"_links":{"self":[{"href":"https:\/\/www.europesays.com\/at\/wp-json\/wp\/v2\/posts\/52332","targetHints":{"allow":["GET"]}}],"collection":[{"href":"https:\/\/www.europesays.com\/at\/wp-json\/wp\/v2\/posts"}],"about":[{"href":"https:\/\/www.europesays.com\/at\/wp-json\/wp\/v2\/types\/post"}],"author":[{"embeddable":true,"href":"https:\/\/www.europesays.com\/at\/wp-json\/wp\/v2\/users\/2"}],"replies":[{"embeddable":true,"href":"https:\/\/www.europesays.com\/at\/wp-json\/wp\/v2\/comments?post=52332"}],"version-history":[{"count":0,"href":"https:\/\/www.europesays.com\/at\/wp-json\/wp\/v2\/posts\/52332\/revisions"}],"wp:featuredmedia":[{"embeddable":true,"href":"https:\/\/www.europesays.com\/at\/wp-json\/wp\/v2\/media\/52333"}],"wp:attachment":[{"href":"https:\/\/www.europesays.com\/at\/wp-json\/wp\/v2\/media?parent=52332"}],"wp:term":[{"taxonomy":"category","embeddable":true,"href":"https:\/\/www.europesays.com\/at\/wp-json\/wp\/v2\/categories?post=52332"},{"taxonomy":"post_tag","embeddable":true,"href":"https:\/\/www.europesays.com\/at\/wp-json\/wp\/v2\/tags?post=52332"}],"curies":[{"name":"wp","href":"https:\/\/api.w.org\/{rel}","templated":true}]}}