{"id":53318,"date":"2026-03-19T05:29:18","date_gmt":"2026-03-19T05:29:18","guid":{"rendered":"https:\/\/www.europesays.com\/at\/53318\/"},"modified":"2026-03-19T05:29:18","modified_gmt":"2026-03-19T05:29:18","slug":"tsv-hartberg-bindet-elias-havel-bis-sommer-2028","status":"publish","type":"post","link":"https:\/\/www.europesays.com\/at\/53318\/","title":{"rendered":"TSV Hartberg bindet Elias Havel bis Sommer 2028"},"content":{"rendered":"<p>\t\t\t\t\t\t\t\t\t\t\t\t\t\t\t <img decoding=\"async\" src=\"https:\/\/www.europesays.com\/at\/wp-content\/uploads\/2026\/02\/hartberg.png\" alt=\"\"\/> <\/p>\n<p>Der <a href=\"https:\/\/ticker.ligaportal.at\/mannschaft\/1734\/tsv-hartberg\" rel=\"nofollow noopener\" target=\"_blank\">TSV Egger Glas Hartberg<\/a> hat die im Leihvertrag von Elias Havel verankerte\u00a0Kaufoption gezogen\u00a0und den 22-j\u00e4hrigen Angreifer damit fix vom LASK verpflichtet. Der neue Vertrag des geb\u00fcrtigen Wieners l\u00e4uft bis\u00a0Sommer 2028.\u00a0In der laufenden Saison ist Havel mit\u00a0zehn Treffern\u00a0in der Bundesliga f\u00fcr mehr als ein Drittel aller Hartberger Tore verantwortlich. Auch im \u00d6FB-Cup stellte der Angreifer seine Qualit\u00e4ten unter Beweis und steuerte drei weitere Treffer bei.<\/p>\n<p><img decoding=\"async\" src=\"https:\/\/www.europesays.com\/at\/wp-content\/uploads\/2026\/03\/havel-elias-havenaar-nikki-tsv-hartberg-vs-sv-ried-22-11-2025-reinhard-schrockelsberger-biereder.jpg\" alt=\"\"\/><\/p>\n<p>Havel schaffte in dieser Saison den Durchbruch<\/p>\n<p>Der 1,84 Meter gro\u00dfe\u00a0Mittelst\u00fcrmer\u00a0hat in dieser Saison endg\u00fcltig seinen Durchbruch geschafft. In bislang 47 Eins\u00e4tzen f\u00fcr die Oststeirer \u00fcberzeugte Havel mit enormer\u00a0Geschwindigkeit, gro\u00dfer\u00a0Laufbereitschaft\u00a0und seinem ausgepr\u00e4gten\u00a0Torriecher.\u00a0Im Fr\u00fchjahr 2026 wartet Elias Havel\u00a0jedoch noch auf den befreienden Treffer.\u00a0<\/p>\n<p>Statements von Havel und Korherr<\/p>\n<p>Elias Havel sagt:\u00a0\u201eIch freue mich, weiterhin f\u00fcr den TSV auflaufen zu d\u00fcrfen! Hartberg ist wie eine zweite Familie f\u00fcr mich. Jetzt hei\u00dft es, nochmal alles zu geben \u2013 in den letzten Spielen die gro\u00dfen Mannschaften zu \u00e4rgern und das Beste rauszuholen!\u201d<\/p>\n<p>Obmann und Gesch\u00e4ftsf\u00fchrer\u00a0Erich Korherr betont:\u00a0\u201eElias ist ein Paradebeispiel daf\u00fcr, wie sich ein Spieler beim TSV Hartberg in Ruhe weiterentwickeln und sein volles Potenzial entfalten kann. Nach vielen verletzungsbedingten R\u00fcckschl\u00e4gen hat er sich mit enormem Einsatz zur\u00fcckgek\u00e4mpft und ist heute k\u00f6rperlich so fit wie noch nie. Wenn man ihn t\u00e4glich am Platz sieht, sp\u00fcrt man sofort, mit welcher Freude, Leidenschaft und \u00dcberzeugung er Fu\u00dfball lebt.\u00a0Eli bringt viele Qualit\u00e4ten mit: Seine enorme Schnelligkeit, gepaart mit einem ausgepr\u00e4gten Torinstinkt, macht ihn f\u00fcr jeden Gegner brandgef\u00e4hrlich. Gleichzeitig ist er nicht nur ein hervorragender Fu\u00dfballer, sondern auch menschlich ein gro\u00dfartiger Charakter, der perfekt in unsere Mannschaft passt. Wir sind sehr stolz auf ihn.&#8220;<\/p>\n<p>Korherr weiter: \u201eDie Ziehung der Option ist f\u00fcr uns deshalb ein logischer und wichtiger Schritt, so nimmt die Mannschaft f\u00fcr n\u00e4chste Saison bereits Formen an, der junge eingeschlagene Weg wird fortgesetzt. Wir sind \u00fcberzeugt, dass Eli noch nicht am Ende seiner Entwicklung angekommen ist und noch st\u00e4rker werden kann. Es freut uns sehr, ihn auf diesem Weg weiterhin begleiten zu d\u00fcrfen. Er genie\u00dft unser vollstes Vertrauen und ich bin \u00fcberzeugt, dass er seine Torsperre im Jahr 2026 schon bald \u2013 vielleicht bereits am Sonntag gegen die Wiener Austria \u2013 durchbrechen wird. Wir werden mit Eli noch viel Freude haben.\u201c<\/p>\n<p>Siehe auch:<\/p>\n<p>Foto: Reinhard Schr\u00f6ckelsberger<\/p>\n","protected":false},"excerpt":{"rendered":"Der TSV Egger Glas Hartberg hat die im Leihvertrag von Elias Havel verankerte\u00a0Kaufoption gezogen\u00a0und den 22-j\u00e4hrigen Angreifer damit&hellip;\n","protected":false},"author":2,"featured_media":53319,"comment_status":"","ping_status":"","sticky":false,"template":"","format":"standard","meta":{"footnotes":"","_share_on_mastodon":"0"},"categories":[18],"tags":[1393,46,42,19458,44,109,108,772,18491],"class_list":["post-53318","post","type-post","status-publish","format-standard","has-post-thumbnail","category-sport","tag-angreifer","tag-at","tag-austria","tag-elias-havel","tag-oesterreich","tag-sport","tag-sports","tag-tsv-hartberg","tag-vertragsverlaengerung"],"share_on_mastodon":{"url":"https:\/\/pubeurope.com\/@at\/116254196543544232","error":""},"_links":{"self":[{"href":"https:\/\/www.europesays.com\/at\/wp-json\/wp\/v2\/posts\/53318","targetHints":{"allow":["GET"]}}],"collection":[{"href":"https:\/\/www.europesays.com\/at\/wp-json\/wp\/v2\/posts"}],"about":[{"href":"https:\/\/www.europesays.com\/at\/wp-json\/wp\/v2\/types\/post"}],"author":[{"embeddable":true,"href":"https:\/\/www.europesays.com\/at\/wp-json\/wp\/v2\/users\/2"}],"replies":[{"embeddable":true,"href":"https:\/\/www.europesays.com\/at\/wp-json\/wp\/v2\/comments?post=53318"}],"version-history":[{"count":0,"href":"https:\/\/www.europesays.com\/at\/wp-json\/wp\/v2\/posts\/53318\/revisions"}],"wp:featuredmedia":[{"embeddable":true,"href":"https:\/\/www.europesays.com\/at\/wp-json\/wp\/v2\/media\/53319"}],"wp:attachment":[{"href":"https:\/\/www.europesays.com\/at\/wp-json\/wp\/v2\/media?parent=53318"}],"wp:term":[{"taxonomy":"category","embeddable":true,"href":"https:\/\/www.europesays.com\/at\/wp-json\/wp\/v2\/categories?post=53318"},{"taxonomy":"post_tag","embeddable":true,"href":"https:\/\/www.europesays.com\/at\/wp-json\/wp\/v2\/tags?post=53318"}],"curies":[{"name":"wp","href":"https:\/\/api.w.org\/{rel}","templated":true}]}}