{"id":58152,"date":"2026-03-21T19:55:07","date_gmt":"2026-03-21T19:55:07","guid":{"rendered":"https:\/\/www.europesays.com\/at\/58152\/"},"modified":"2026-03-21T19:55:07","modified_gmt":"2026-03-21T19:55:07","slug":"tragisches-unglueck-bei-forstarbeiten-58-jaehriger-stuerzt-in-brandberg-in-den-tod-tiroler-tageszeitung","status":"publish","type":"post","link":"https:\/\/www.europesays.com\/at\/58152\/","title":{"rendered":"Tragisches Ungl\u00fcck bei Forstarbeiten: 58-J\u00e4hriger st\u00fcrzt in Brandberg in den Tod &#8211; Tiroler Tageszeitung"},"content":{"rendered":"<p><a href=\"https:\/\/news.google.com\/rss\/articles\/CBMiugFBVV95cUxOSDhHMTlWMW1iT2Vwb1dJZjMyY2dwWk0zZk5Zb2o2SkFWM3BSc1lUMk1xZXFWaU45NzJTQXdYWF9qNjNybGVLSjA1SUlqWXAyN2I0MmpPbmJ6LXhmQXVPYk5oX2UtVUlmUUhMcm53RFlHU1d4cEtyVnB2X2ZwQWxsQWsxZUg1dDRDZ1JhNnZXSTRmY1NvME1wUzhMOW5HNVNHM1hUUXljOWhhRDFXd29vQjA0ZjlybzJUeVE?oc=5\" target=\"_blank\" rel=\"nofollow noopener\">Tragisches Ungl\u00fcck bei Forstarbeiten: 58-J\u00e4hriger st\u00fcrzt in Brandberg in den Tod<\/a>&nbsp;&nbsp;Tiroler Tageszeitung<a href=\"https:\/\/news.google.com\/rss\/articles\/CBMiTkFVX3lxTE5BY2pnZEl0U1RxZDBheHktYlkteXVtXzJEZ3BaY0lBRTZnaEpoVnVEd3NnamJkY1lGcG1lNk5BV3k4Nk9BbnlJNjI1YnpMdw?oc=5\" target=\"_blank\" rel=\"nofollow noopener\">T\u00f6dlicher Forstunfall in Brandberg<\/a>&nbsp;&nbsp;tirol.ORF.at<a href=\"https:\/\/news.google.com\/rss\/articles\/CBMiQkFVX3lxTE5UWWVubnFOQUh1UVNHcHZoN05nb0RVcDI3bnQtRUJGd3hWelBmTVhmdXVlQllQZ2d0MEV2Zm1hRHBaZw?oc=5\" target=\"_blank\" rel=\"nofollow noopener\">T\u00f6dlicher Forstunfall &#8211; Mann verungl\u00fcckt vor Augen des Sohnes und Enkels<\/a>&nbsp;&nbsp;Kronen Zeitung<a href=\"https:\/\/news.google.com\/rss\/articles\/CBMimgFBVV95cUxOWVdacEFOZUFNRUExVmJoT1J5M2ZCNmdXQTh5clBBR0FSbFNZQVBRVk9WeVBTQ0swZDE0d2xyWWl0RnR0WU9tMnl0a0tOQk1FTC1vMTlMWjhMaW9hV1JvbGVEbUdUdWZsVU1KZnBJUXBwMTVTUGhCSnU3M1hTWDR2cnZ0VkRiTExJN2hOUG9lcVpmTzNUaUJWWmlR0gGfAUFVX3lxTE10T2FuZm92ajRfTVYyMWdpOHhFWS1KVXlSNTVDS0toOGNRa0VoWjlVQnUzNTY3LVNyS3FPejVzUktpYlBaR1BEWGFqcVdvbVpTZ0M2WUlleXpqb0lrbDFpbThZTzhvSzJqRGdtMGlhWjcwMlpYQ0Rlb1pldXlnM2w2Q0pSUTc5WVRDWnB1dU5iMVdPZUxMZFdWTmhxelYwMA?oc=5\" target=\"_blank\" rel=\"nofollow noopener\">58-J\u00e4hriger stirbt nach Sturz im Wald<\/a>&nbsp;&nbsp;Oe24<a href=\"https:\/\/news.google.com\/rss\/articles\/CBMimwFBVV95cUxObzJETUtWUnhFeWFSNmdpNWkybTg1ejQ5RFVaWjZ1aS1DRWQzS05mNXhnbjdBaEE3Sllsc0NPNmVjcmlkOWxnM1h4TXdHMy1QSjNRcm1zajJlbGI4Tk8zLXhaZDJzRHN3YkM3Q3B6WUw3dU1DcnRuVmc3WWJITEJGNGZrZkFxVHRGTHVhTHBZaWh1MGxWcFY3eFhlTQ?oc=5\" target=\"_blank\" rel=\"nofollow noopener\">58-J\u00e4hriger starb bei Forstarbeiten in Tirol<\/a>&nbsp;&nbsp;Salzburger Nachrichten<\/p>\n","protected":false},"excerpt":{"rendered":"Tragisches Ungl\u00fcck bei Forstarbeiten: 58-J\u00e4hriger st\u00fcrzt in Brandberg in den Tod&nbsp;&nbsp;Tiroler TageszeitungT\u00f6dlicher Forstunfall in Brandberg&nbsp;&nbsp;tirol.ORF.atT\u00f6dlicher Forstunfall &#8211; Mann&hellip;\n","protected":false},"author":2,"featured_media":58153,"comment_status":"","ping_status":"","sticky":false,"template":"","format":"standard","meta":{"footnotes":"","_share_on_mastodon":"0"},"categories":[6],"tags":[46,42,23652,8748,44,43,45,5403,23679,232],"class_list":["post-58152","post","type-post","status-publish","format-standard","has-post-thumbnail","category-oesterreich","tag-at","tag-austria","tag-brandberg","tag-forstunfall","tag-oesterreich","tag-republic-of-austria","tag-republik-oesterreich","tag-schwaz-bezirk","tag-toedlicher-sturz","tag-unfall"],"share_on_mastodon":{"url":"https:\/\/pubeurope.com\/@at\/116268926422436861","error":""},"_links":{"self":[{"href":"https:\/\/www.europesays.com\/at\/wp-json\/wp\/v2\/posts\/58152","targetHints":{"allow":["GET"]}}],"collection":[{"href":"https:\/\/www.europesays.com\/at\/wp-json\/wp\/v2\/posts"}],"about":[{"href":"https:\/\/www.europesays.com\/at\/wp-json\/wp\/v2\/types\/post"}],"author":[{"embeddable":true,"href":"https:\/\/www.europesays.com\/at\/wp-json\/wp\/v2\/users\/2"}],"replies":[{"embeddable":true,"href":"https:\/\/www.europesays.com\/at\/wp-json\/wp\/v2\/comments?post=58152"}],"version-history":[{"count":0,"href":"https:\/\/www.europesays.com\/at\/wp-json\/wp\/v2\/posts\/58152\/revisions"}],"wp:featuredmedia":[{"embeddable":true,"href":"https:\/\/www.europesays.com\/at\/wp-json\/wp\/v2\/media\/58153"}],"wp:attachment":[{"href":"https:\/\/www.europesays.com\/at\/wp-json\/wp\/v2\/media?parent=58152"}],"wp:term":[{"taxonomy":"category","embeddable":true,"href":"https:\/\/www.europesays.com\/at\/wp-json\/wp\/v2\/categories?post=58152"},{"taxonomy":"post_tag","embeddable":true,"href":"https:\/\/www.europesays.com\/at\/wp-json\/wp\/v2\/tags?post=58152"}],"curies":[{"name":"wp","href":"https:\/\/api.w.org\/{rel}","templated":true}]}}