{"id":59517,"date":"2026-03-22T14:13:13","date_gmt":"2026-03-22T14:13:13","guid":{"rendered":"https:\/\/www.europesays.com\/at\/59517\/"},"modified":"2026-03-22T14:13:13","modified_gmt":"2026-03-22T14:13:13","slug":"norwegerin-kvandal-gewinnt-auch-zweites-skifliegen-in-vikersund","status":"publish","type":"post","link":"https:\/\/www.europesays.com\/at\/59517\/","title":{"rendered":"Norwegerin Kvandal gewinnt auch zweites Skifliegen in Vikersund"},"content":{"rendered":"<p>Eirin Maria Kvandal gewinnt am Sonntag wie am Vortag auch den zweiten Skiflug-Bewerb in Vikersund.<\/p>\n<p>Die Norwegerin ben\u00f6tigt daf\u00fcr nur einen Flug auf 231,5 m, weil der zweite Durchgang wegen immer schlechter werdender Windbedingungen abgesagt wird. <\/p>\n<p>Kvandal verweist Gesamt-Weltcupsiegerin Nika Prevc um 4,1 Punkte auf Platz zwei, die Norwegerin Anna Odine Str\u00f6m wird Dritte.<\/p>\n<p>\u00d6SV nicht vertreten<\/p>\n<p>Der \u00d6SV ist im Bewerb neuerlich nicht vertreten. Nach dem vorzeitigen Saisonende von Lisa Eder ist nur noch Julia M\u00fchlbacher in der Qualifikation am Start, den Sprung in die Top 20 schafft die Ober\u00f6sterreicherin aber nicht.<\/p>\n<p>&#8222;F\u00fcr ganz nach vorne reicht es leider noch nicht. Aber wir haben schon vorher gesagt, wir schauen nicht aufs Ergebnis, es geht nur darum, dass sie Meter macht&#8220;, sagt \u00d6SV-Frauen-Cheftrainer Thomas Diethart. <\/p>\n<p>Beim Saisonfinale am kommenden Samstag in Planica wird M\u00fchlbacher wieder die einzige \u00d6SV-Athletin sein.<\/p>\n","protected":false},"excerpt":{"rendered":"Eirin Maria Kvandal gewinnt am Sonntag wie am Vortag auch den zweiten Skiflug-Bewerb in Vikersund. Die Norwegerin ben\u00f6tigt&hellip;\n","protected":false},"author":2,"featured_media":59518,"comment_status":"","ping_status":"","sticky":false,"template":"","format":"standard","meta":{"footnotes":"","_share_on_mastodon":"0"},"categories":[18],"tags":[24177,46,42,24178,5234,24179,44,5435,109,108,117],"class_list":["post-59517","post","type-post","status-publish","format-standard","has-post-thumbnail","category-sport","tag-anna-odine-stroem","tag-at","tag-austria","tag-julia-muehlbacher","tag-lisa-eder","tag-nika-prevc","tag-oesterreich","tag-skispringen","tag-sport","tag-sports","tag-wintersport"],"share_on_mastodon":{"url":"https:\/\/pubeurope.com\/@at\/116273243978853939","error":""},"_links":{"self":[{"href":"https:\/\/www.europesays.com\/at\/wp-json\/wp\/v2\/posts\/59517","targetHints":{"allow":["GET"]}}],"collection":[{"href":"https:\/\/www.europesays.com\/at\/wp-json\/wp\/v2\/posts"}],"about":[{"href":"https:\/\/www.europesays.com\/at\/wp-json\/wp\/v2\/types\/post"}],"author":[{"embeddable":true,"href":"https:\/\/www.europesays.com\/at\/wp-json\/wp\/v2\/users\/2"}],"replies":[{"embeddable":true,"href":"https:\/\/www.europesays.com\/at\/wp-json\/wp\/v2\/comments?post=59517"}],"version-history":[{"count":0,"href":"https:\/\/www.europesays.com\/at\/wp-json\/wp\/v2\/posts\/59517\/revisions"}],"wp:featuredmedia":[{"embeddable":true,"href":"https:\/\/www.europesays.com\/at\/wp-json\/wp\/v2\/media\/59518"}],"wp:attachment":[{"href":"https:\/\/www.europesays.com\/at\/wp-json\/wp\/v2\/media?parent=59517"}],"wp:term":[{"taxonomy":"category","embeddable":true,"href":"https:\/\/www.europesays.com\/at\/wp-json\/wp\/v2\/categories?post=59517"},{"taxonomy":"post_tag","embeddable":true,"href":"https:\/\/www.europesays.com\/at\/wp-json\/wp\/v2\/tags?post=59517"}],"curies":[{"name":"wp","href":"https:\/\/api.w.org\/{rel}","templated":true}]}}