{"id":66547,"date":"2026-03-26T07:19:09","date_gmt":"2026-03-26T07:19:09","guid":{"rendered":"https:\/\/www.europesays.com\/at\/66547\/"},"modified":"2026-03-26T07:19:09","modified_gmt":"2026-03-26T07:19:09","slug":"mutter-verzweifelt-liebesurlaub-endet-fuer-steirer-in-schweden-in-haft","status":"publish","type":"post","link":"https:\/\/www.europesays.com\/at\/66547\/","title":{"rendered":"Mutter verzweifelt &#8211; Liebesurlaub endet f\u00fcr Steirer in Schweden in Haft"},"content":{"rendered":"<p>Steirer hat Herzklappenfehler<br \/>Das ist jetzt fast sechs Wochen her und der Student ist noch immer in Haft. \u201eZweimal musste er schon im Spital behandelt werden wegen seines Herzklappenfehlers\u201c, schildert seine Mama. Der junge Mann sei psychisch v\u00f6llig am Ende. \u201eEs ist v\u00f6llig unverh\u00e4ltnism\u00e4\u00dfig und rechtlich nicht vertretbar, einen unbescholtenen B\u00fcrger eines EU-Mitgliedsstaates wegen einer aus ungekl\u00e4rten Gr\u00fcnden nicht bezahlten, inzwischen zur G\u00e4nze beglichenen Hotelrechnung \u00fcber Wochen in Untersuchungshaft zu halten\u201c, versteht Julia Halm, die Grazer Anw\u00e4ltin der Familie, das Verhalten der Beh\u00f6rden in Stockholm \u00fcberhaupt nicht.<\/p>\n","protected":false},"excerpt":{"rendered":"Steirer hat HerzklappenfehlerDas ist jetzt fast sechs Wochen her und der Student ist noch immer in Haft. \u201eZweimal&hellip;\n","protected":false},"author":2,"featured_media":66548,"comment_status":"","ping_status":"","sticky":false,"template":"","format":"standard","meta":{"footnotes":"","_share_on_mastodon":"0"},"categories":[6],"tags":[46,42,26459,44,43,45,916,8976,8977],"class_list":["post-66547","post","type-post","status-publish","format-standard","has-post-thumbnail","category-oesterreich","tag-at","tag-austria","tag-julia-halm","tag-oesterreich","tag-republic-of-austria","tag-republik-oesterreich","tag-schweden","tag-schwedischen","tag-stockholm"],"share_on_mastodon":{"url":"https:\/\/pubeurope.com\/@at\/116294265346408868","error":""},"_links":{"self":[{"href":"https:\/\/www.europesays.com\/at\/wp-json\/wp\/v2\/posts\/66547","targetHints":{"allow":["GET"]}}],"collection":[{"href":"https:\/\/www.europesays.com\/at\/wp-json\/wp\/v2\/posts"}],"about":[{"href":"https:\/\/www.europesays.com\/at\/wp-json\/wp\/v2\/types\/post"}],"author":[{"embeddable":true,"href":"https:\/\/www.europesays.com\/at\/wp-json\/wp\/v2\/users\/2"}],"replies":[{"embeddable":true,"href":"https:\/\/www.europesays.com\/at\/wp-json\/wp\/v2\/comments?post=66547"}],"version-history":[{"count":0,"href":"https:\/\/www.europesays.com\/at\/wp-json\/wp\/v2\/posts\/66547\/revisions"}],"wp:featuredmedia":[{"embeddable":true,"href":"https:\/\/www.europesays.com\/at\/wp-json\/wp\/v2\/media\/66548"}],"wp:attachment":[{"href":"https:\/\/www.europesays.com\/at\/wp-json\/wp\/v2\/media?parent=66547"}],"wp:term":[{"taxonomy":"category","embeddable":true,"href":"https:\/\/www.europesays.com\/at\/wp-json\/wp\/v2\/categories?post=66547"},{"taxonomy":"post_tag","embeddable":true,"href":"https:\/\/www.europesays.com\/at\/wp-json\/wp\/v2\/tags?post=66547"}],"curies":[{"name":"wp","href":"https:\/\/api.w.org\/{rel}","templated":true}]}}