{"id":66829,"date":"2026-03-26T10:43:09","date_gmt":"2026-03-26T10:43:09","guid":{"rendered":"https:\/\/www.europesays.com\/at\/66829\/"},"modified":"2026-03-26T10:43:09","modified_gmt":"2026-03-26T10:43:09","slug":"chappell-roan-sicherheitsmann-bestreitet-stressbacken-aktion","status":"publish","type":"post","link":"https:\/\/www.europesays.com\/at\/66829\/","title":{"rendered":"Chappell Roan: Sicherheitsmann bestreitet Stressbacken-Aktion"},"content":{"rendered":"<p>        <img decoding=\"async\" src=\"https:\/\/www.europesays.com\/at\/wp-content\/uploads\/2026\/03\/rs-badge-recommendation.png\" alt=\"ROLLING STONE Badge\"\/><\/p>\n<p>Empfehlungen der\u00a0Redaktion<\/p>\n<p><img loading=\"lazy\" decoding=\"async\" src=\"https:\/\/www.europesays.com\/at\/wp-content\/uploads\/2026\/03\/e59925bf8d8c4327aca391de60cbb4b4.gif\" alt=\"\" width=\"1\" height=\"1\"\/>Der Sicherheitsmann, der offenbar im Mittelpunkt eines Vorfalls rund um Popstar <a href=\"https:\/\/www.rollingstone.de\/hannah-montana-20th-anniversary-special-highlights-3122509\/\" target=\"_blank\" rel=\"noopener nofollow\">Chappell Roan<\/a> und die Stieftochter des Fu\u00dfballers Jorginho steht, hat sich in den sozialen Medien zu Wort gemeldet und klargestellt, <a href=\"https:\/\/www.rollingstone.com\/music\/music-news\/chappell-roan-pascal-duvier-security-guard-hotel-incident-1235537461\/\" target=\"_blank\" rel=\"noopener nofollow\">dass er nicht zu Roans Team geh\u00f6rte und auf eigene Initiative handelte.<\/a><\/p>\n<p>\u201eIch gehe normalerweise nicht auf Online-Ger\u00fcchte ein, aber die derzeit kursierenden Vorw\u00fcrfe sind falsch und stellen eine Verleumdung dar\u201c, begann Pascal Duvier seine Erkl\u00e4rung. \u201eIch \u00fcbernehme die volle Verantwortung f\u00fcr die Vorg\u00e4nge am 21. M\u00e4rz. Ich war im Auftrag einer anderen Person im Hotel und geh\u00f6rte nicht zum pers\u00f6nlichen Sicherheitsteam von Chappell Roan. Meine Handlungen erfolgten weder im Auftrag von Chappell Roan, ihres pers\u00f6nlichen Sicherheitsteams, ihres Managements noch irgendeiner anderen Person.\u201c<\/p>\n<p>Am vergangenen Samstag hatte Jorginho in einer Instagram-Story behauptet, Roan habe ihren Sicherheitsmann losgeschickt, um seine Frau und seine kleine Tochter zu r\u00fcgen, nachdem die Tochter Roan beim Fr\u00fchst\u00fcck in ihrem gemeinsamen Hotel in S\u00e3o Paulo kurz angesprochen hatte. Jorginho nannte seinen Namen zwar nicht, doch \u201ePeople\u201c berichtete, es handele sich um seine Stieftochter Ada Law, die Tochter von Schauspieler Jude Law und Catherine Harding \u2013 Judes Ex-Partnerin und Jorginhos heutige Ehefrau.<\/p>\n<p>Roans Reaktion auf die Vorw\u00fcrfe<\/p>\n<p>Am darauffolgenden Morgen erkl\u00e4rte Roan in einem Post, der Sicherheitsmann sei kein Mitglied ihres pers\u00f6nlichen Teams. \u201eIch habe nicht einmal eine Frau und ein Kind gesehen \u2013 niemand ist auf mich zugekommen, niemand hat mich gest\u00f6rt\u201c, schrieb Roan. \u201eIch glaube, diese Leute waren ebenfalls Hotelg\u00e4ste. Ich habe diesen Sicherheitsmann nicht gebeten, auf die Mutter und das Kind zuzugehen. Sie sind nicht zu mir gekommen, sie haben nichts getan.\u201c Weiter f\u00fcgte sie hinzu: \u201eIch entschuldige mich bei der Mutter und dem Kind daf\u00fcr, dass jemand etwas angenommen hat \u2013 dass ihr etwas tun w\u00fcrdet \u2013 und wenn ihr euch unwohl gef\u00fchlt habt, macht mich das wirklich traurig. Das habt ihr nicht verdient.\u201c<\/p>\n<p>Noch am selben Tag ver\u00f6ffentlichte Harding ein l\u00e4ngeres Instagram-Video als Reaktion und sagte, sie habe nicht gedacht, dass die Situation \u201eso eskalieren w\u00fcrde\u201c. Sie fuhr fort: \u201eHundert Prozent war dieser Sicherheitsmann kein Hotelangestellter \u2026 Ich wei\u00df nicht, ob er ihr pers\u00f6nlicher Sicherheitsmann war, aber er war bei ihr. Das ist alles, was ich wei\u00df.\u201c<\/p>\n<p>\u201eWenn sie ihn wirklich nicht geschickt hat, hat er eine Grenze \u00fcberschritten, denn er wirkt ziemlich einsch\u00fcchternd\u201c, sagte Harding und behauptete, der Sicherheitsmann habe ihre Tochter als \u201eschlecht erzogen\u201c bezeichnet.<\/p>\n<p>Duviers eigene Stellungnahme<\/p>\n<p>In seinem am Mittwoch ver\u00f6ffentlichten Post schrieb Duvier: \u201eIch habe eine Entscheidung getroffen, die auf Informationen des Hotels, auf Dingen, die ich in den Tagen zuvor beobachtet hatte, und auf der insgesamt erh\u00f6hten Sicherheitslage an unserem Aufenthaltsort basierte. Meine einzige Interaktion mit der Mutter verlief ruhig und war gut gemeint; das Ergebnis dieser Begegnung bedauere ich.\u201c<\/p>\n<p>An dieser Stelle findest du Inhalte aus Instagram<\/p>\n<p>Um mit Inhalten aus Sozialen Netzwerken zu interagieren oder diese darzustellen, brauchen wir deine Zustimmung.<\/p>\n<p>\tSoziale Netzwerke aktivieren<\/p>\n<p>2018 wurden Duvier und sein Sicherheitsunternehmen Protect Security von der Versicherungsgesellschaft Kim Kardashians in einer Klage \u00fcber 6,1 Millionen Dollar benannt \u2013 zwei Jahre nachdem Kardashian w\u00e4hrend der Paris Fashion Week im No Address Hotel mit vorgehaltener Waffe ausgeraubt worden war. American International Group behauptete, Duvier und Protect Security h\u00e4tten ihren Schutz-, Sicherheits-, \u00dcberwachungs- und Kontrollpflichten gegen\u00fcber dem Reality-TV-Star \u201efahrl\u00e4ssig, nachl\u00e4ssig und\/oder leichtfertig\u201c nicht nachgekommen. Alle Parteien einigten sich 2020 au\u00dfergerichtlich.<\/p>\n","protected":false},"excerpt":{"rendered":"Empfehlungen der\u00a0Redaktion Der Sicherheitsmann, der offenbar im Mittelpunkt eines Vorfalls rund um Popstar Chappell Roan und die Stieftochter&hellip;\n","protected":false},"author":2,"featured_media":66830,"comment_status":"","ping_status":"","sticky":false,"template":"","format":"standard","meta":{"footnotes":"","_share_on_mastodon":"0"},"categories":[24],"tags":[26573,46,42,26572,26575,147,26570,26571,10144,153,154,44,26568,26574,26569,148],"class_list":["post-66829","post","type-post","status-publish","format-standard","has-post-thumbnail","category-musik","tag-ada-law","tag-at","tag-austria","tag-catherine-harding","tag-chappell-roan","tag-entertainment","tag-hotelvorfall","tag-jorginho","tag-kim-kardashian","tag-music","tag-musik","tag-oesterreich","tag-pascal-duvier","tag-sao-paulo","tag-sicherheitsmann","tag-unterhaltung"],"share_on_mastodon":{"url":"https:\/\/pubeurope.com\/@at\/116295067426608383","error":""},"_links":{"self":[{"href":"https:\/\/www.europesays.com\/at\/wp-json\/wp\/v2\/posts\/66829","targetHints":{"allow":["GET"]}}],"collection":[{"href":"https:\/\/www.europesays.com\/at\/wp-json\/wp\/v2\/posts"}],"about":[{"href":"https:\/\/www.europesays.com\/at\/wp-json\/wp\/v2\/types\/post"}],"author":[{"embeddable":true,"href":"https:\/\/www.europesays.com\/at\/wp-json\/wp\/v2\/users\/2"}],"replies":[{"embeddable":true,"href":"https:\/\/www.europesays.com\/at\/wp-json\/wp\/v2\/comments?post=66829"}],"version-history":[{"count":0,"href":"https:\/\/www.europesays.com\/at\/wp-json\/wp\/v2\/posts\/66829\/revisions"}],"wp:featuredmedia":[{"embeddable":true,"href":"https:\/\/www.europesays.com\/at\/wp-json\/wp\/v2\/media\/66830"}],"wp:attachment":[{"href":"https:\/\/www.europesays.com\/at\/wp-json\/wp\/v2\/media?parent=66829"}],"wp:term":[{"taxonomy":"category","embeddable":true,"href":"https:\/\/www.europesays.com\/at\/wp-json\/wp\/v2\/categories?post=66829"},{"taxonomy":"post_tag","embeddable":true,"href":"https:\/\/www.europesays.com\/at\/wp-json\/wp\/v2\/tags?post=66829"}],"curies":[{"name":"wp","href":"https:\/\/api.w.org\/{rel}","templated":true}]}}