{"id":67714,"date":"2026-03-26T19:59:10","date_gmt":"2026-03-26T19:59:10","guid":{"rendered":"https:\/\/www.europesays.com\/at\/67714\/"},"modified":"2026-03-26T19:59:10","modified_gmt":"2026-03-26T19:59:10","slug":"anpassung-der-planung-nahost-krieg-macht-vor-song-contest-nicht-halt","status":"publish","type":"post","link":"https:\/\/www.europesays.com\/at\/67714\/","title":{"rendered":"Anpassung der Planung &#8211; Nahost-Krieg macht vor Song Contest nicht halt"},"content":{"rendered":"<p>Zus\u00e4tzlich zum Iran-Krieg tobe ja auch noch der Ukraine-Krieg. Das sei beim letzten Song Contest in Wien 2015 nicht der Fall gewesen, sagte er weiter. Einige teilnehmende Staaten seien an den Konflikten beteiligt, das sei f\u00fcr die Planung relevant. \u201eBei jeder Situation ist die Geschwindigkeit alles entscheidend. Und das ist nicht immer ein bewaffneter Angriff. Es kann auch jemand sein, der dort seinen Unmut \u00e4u\u00dfert und versucht, die Veranstaltung per se zu st\u00f6ren\u201c, sagte Takacs. Eine wichtige Aufgabe der Polizei sei es daher, das Gel\u00e4nde rund um die Stadthalle sicher zu machen.\u00a0<\/p>\n","protected":false},"excerpt":{"rendered":"Zus\u00e4tzlich zum Iran-Krieg tobe ja auch noch der Ukraine-Krieg. Das sei beim letzten Song Contest in Wien 2015&hellip;\n","protected":false},"author":2,"featured_media":67715,"comment_status":"","ping_status":"","sticky":false,"template":"","format":"standard","meta":{"footnotes":"","_share_on_mastodon":"0"},"categories":[28],"tags":[46,42,26806,26807,26808,26809,1019,44,26810,181,182,10846],"class_list":["post-67714","post","type-post","status-publish","format-standard","has-post-thumbnail","category-wien","tag-at","tag-austria","tag-bundespolizeidirektor","tag-direktion-staatsschutz-und-nachrichtendienste","tag-landesaemter-fuer-verfassungsschutz-und-extremismusbekaempfung","tag-michael-takacs-zusaetzlich","tag-nahen-osten","tag-oesterreich","tag-takacs","tag-vienna","tag-wien","tag-wiener-stadthalle"],"share_on_mastodon":{"url":"https:\/\/pubeurope.com\/@at\/116297253728376466","error":""},"_links":{"self":[{"href":"https:\/\/www.europesays.com\/at\/wp-json\/wp\/v2\/posts\/67714","targetHints":{"allow":["GET"]}}],"collection":[{"href":"https:\/\/www.europesays.com\/at\/wp-json\/wp\/v2\/posts"}],"about":[{"href":"https:\/\/www.europesays.com\/at\/wp-json\/wp\/v2\/types\/post"}],"author":[{"embeddable":true,"href":"https:\/\/www.europesays.com\/at\/wp-json\/wp\/v2\/users\/2"}],"replies":[{"embeddable":true,"href":"https:\/\/www.europesays.com\/at\/wp-json\/wp\/v2\/comments?post=67714"}],"version-history":[{"count":0,"href":"https:\/\/www.europesays.com\/at\/wp-json\/wp\/v2\/posts\/67714\/revisions"}],"wp:featuredmedia":[{"embeddable":true,"href":"https:\/\/www.europesays.com\/at\/wp-json\/wp\/v2\/media\/67715"}],"wp:attachment":[{"href":"https:\/\/www.europesays.com\/at\/wp-json\/wp\/v2\/media?parent=67714"}],"wp:term":[{"taxonomy":"category","embeddable":true,"href":"https:\/\/www.europesays.com\/at\/wp-json\/wp\/v2\/categories?post=67714"},{"taxonomy":"post_tag","embeddable":true,"href":"https:\/\/www.europesays.com\/at\/wp-json\/wp\/v2\/tags?post=67714"}],"curies":[{"name":"wp","href":"https:\/\/api.w.org\/{rel}","templated":true}]}}