{"id":76089,"date":"2026-03-31T12:40:08","date_gmt":"2026-03-31T12:40:08","guid":{"rendered":"https:\/\/www.europesays.com\/at\/76089\/"},"modified":"2026-03-31T12:40:08","modified_gmt":"2026-03-31T12:40:08","slug":"dunkle-vergangenheit-klosterneuburg-enthuellt-zusatztafeln-fuer-belastete-strassennamen","status":"publish","type":"post","link":"https:\/\/www.europesays.com\/at\/76089\/","title":{"rendered":"Dunkle Vergangenheit &#8211; Klosterneuburg enth\u00fcllt Zusatztafeln f\u00fcr belastete Stra\u00dfennamen"},"content":{"rendered":"<p>        <img decoding=\"async\" src=\"https:\/\/www.europesays.com\/at\/wp-content\/uploads\/2026\/03\/img-ZisvakfCyYjD4mJh.jpeg\" data-fullscreen-src=\"https:\/\/www.noen.at\/image\/3840x0-jpg\/6292896\/img-ZisvakfCyYjD4mJh.jpeg\" bad-src=\"https:\/\/www.europesays.com\/at\/wp-content\/uploads\/2026\/03\/img-ZisvakfCyYjD4mJh.jpeg\" data-teaser-member=\"image\" alt=\"Enth\u00fcllung Pater-Abel-Stra\u00dfe\"\/><\/p>\n<p>\n                B\u00fcrgermeister Christoph Kaufmann, Stiftsk\u00e4mmerer Elias Carr, Kulturstadtr\u00e4tin Katharina Danninger bei der Enth\u00fcllung der Zusatztafel an der Pater-Abel-Stra\u00dfe.             <\/p>\n<p>\n                Foto:<br \/>\n                Stift Klosterneuburg\/Christina Hiptmayr                            <\/p>\n<p>\n        Wie die N\u00d6N berichtet hat, setzen Stadt und Stift einen Schritt zur transparenten Erinnerungskultur. An der Adam-M\u00fcller-Guttenbrunn-Stra\u00dfe, der Kernstockgasse und der Pater-Abel-Stra\u00dfe sind zus\u00e4tzliche Tafeln angebracht, die \u00fcber die antisemitschen Schattenseiten der Pers\u00f6nlichkeiten aufzukl\u00e4ren. Auch bei einer Gedenktafel von Pater Heinrich Abel im Stift.      <\/p>\n<p>Historische Zusammenh\u00e4nge sollen differenziert und aufkl\u00e4rend vermittelt werden: Mit diesem Hintergedanken hat die Stadt Klosterneuburg beschlossen, Zusatztafeln an belasteten Stra\u00dfennamen anzubringen &#8211; die N\u00d6N hat berichtet.<\/p>\n","protected":false},"excerpt":{"rendered":"B\u00fcrgermeister Christoph Kaufmann, Stiftsk\u00e4mmerer Elias Carr, Kulturstadtr\u00e4tin Katharina Danninger bei der Enth\u00fcllung der Zusatztafel an der Pater-Abel-Stra\u00dfe. Foto:&hellip;\n","protected":false},"author":2,"featured_media":76090,"comment_status":"","ping_status":"","sticky":false,"template":"","format":"standard","meta":{"footnotes":"","_share_on_mastodon":"0"},"categories":[8],"tags":[29541,3804,40,41,29538,29539,29542,724,39,29537,38,29540],"class_list":["post-76089","post","type-post","status-publish","format-standard","has-post-thumbnail","category-nachrichten","tag-adam-mueller-guttenbrunn","tag-klosterneuburg","tag-nachrichten","tag-news","tag-ottokar-kernstock","tag-pater-abel","tag-pater-heinrich-abel","tag-redaktion","tag-schlagzeilen","tag-strassen","tag-top-meldungen","tag-zusatztafeln"],"share_on_mastodon":{"url":"https:\/\/pubeurope.com\/@at\/116323839039371395","error":""},"_links":{"self":[{"href":"https:\/\/www.europesays.com\/at\/wp-json\/wp\/v2\/posts\/76089","targetHints":{"allow":["GET"]}}],"collection":[{"href":"https:\/\/www.europesays.com\/at\/wp-json\/wp\/v2\/posts"}],"about":[{"href":"https:\/\/www.europesays.com\/at\/wp-json\/wp\/v2\/types\/post"}],"author":[{"embeddable":true,"href":"https:\/\/www.europesays.com\/at\/wp-json\/wp\/v2\/users\/2"}],"replies":[{"embeddable":true,"href":"https:\/\/www.europesays.com\/at\/wp-json\/wp\/v2\/comments?post=76089"}],"version-history":[{"count":0,"href":"https:\/\/www.europesays.com\/at\/wp-json\/wp\/v2\/posts\/76089\/revisions"}],"wp:featuredmedia":[{"embeddable":true,"href":"https:\/\/www.europesays.com\/at\/wp-json\/wp\/v2\/media\/76090"}],"wp:attachment":[{"href":"https:\/\/www.europesays.com\/at\/wp-json\/wp\/v2\/media?parent=76089"}],"wp:term":[{"taxonomy":"category","embeddable":true,"href":"https:\/\/www.europesays.com\/at\/wp-json\/wp\/v2\/categories?post=76089"},{"taxonomy":"post_tag","embeddable":true,"href":"https:\/\/www.europesays.com\/at\/wp-json\/wp\/v2\/tags?post=76089"}],"curies":[{"name":"wp","href":"https:\/\/api.w.org\/{rel}","templated":true}]}}