{"id":79385,"date":"2026-04-02T04:58:08","date_gmt":"2026-04-02T04:58:08","guid":{"rendered":"https:\/\/www.europesays.com\/at\/79385\/"},"modified":"2026-04-02T04:58:08","modified_gmt":"2026-04-02T04:58:08","slug":"fuer-den-finaltraum-frankfurterinnen-gehen-all-in","status":"publish","type":"post","link":"https:\/\/www.europesays.com\/at\/79385\/","title":{"rendered":"F\u00fcr den Finaltraum: Frankfurterinnen gehen &#8222;all-in&#8220;"},"content":{"rendered":"<p> <img decoding=\"async\" src=\"https:\/\/www.europesays.com\/at\/wp-content\/uploads\/2026\/04\/b1df93978483d349ee01f54675d5836d2fd5d5f3.jpg\" alt=\"\"\/><br \/>\nMit einem Offensivfeuerwerk und mehr Stabilit\u00e4t bei Kontern wollen die Fu\u00dfballerinnen von Eintracht Frankfurt doch noch den Einzug ins erste Europa-Cup-Finale schaffen. &#8222;Wir brauchen einen perfekten Tag. Es ist ein Traum von uns allen. Wir gehen all-in und werden sehen, was passiert&#8220;, sagte Trainer Niko Arnautis vor dem R\u00fcckspiel des Halbfinales beim schwedischen Meister BK H\u00e4cken am Donnerstag (18.30 Uhr) in G\u00f6teborg.<\/p>\n<p><img decoding=\"async\" src=\"https:\/\/www.europesays.com\/at\/wp-content\/uploads\/2026\/04\/9791b21aa2361cae01ecd1252bd0acadf2bc6263.jpg\" alt=\"Rebecka Blomqvist im Hinspiel gegen H\u00e4cken (Foto: picture-alliance\/BEAUTIFUL SPORTS\/picture-alliance\/BEAUTIFUL SPORTS\/SID\/Gawlik)\"\/><\/p>\n<p>Rebecka Blomqvist im Hinspiel gegen H\u00e4cken<\/p>\n<p>Foto: picture-alliance\/BEAUTIFUL SPORTS\/picture-alliance\/BEAUTIFUL SPORTS\/SID\/Gawlik<\/p>\n<p>Das bittere 0:3 im Heim-Hinspiel in der vergangenen Woche sei &#8222;gut analysiert&#8220;, versicherte Frankfurts schwedische St\u00fcrmerin Rebecka Blomqvist: &#8222;Es ist alles m\u00f6glich. So ist auch die Stimmung im Team, wir sind on fire. Wir haben nichts zu verlieren.&#8220;<\/p>\n<p>Von Beginn an m\u00fcsse die Eintracht den Gegner deshalb &#8222;unter Dauerdruck&#8220; setzen, sagte Arnautis zum Matchplan, und dann die Chancen anders als im ersten Vergleich nutzen: &#8222;Wir wissen, dass es schwer ist, allerdings ist im Fu\u00dfball schon einiges m\u00f6glich gewesen und wir haben auf jeden Fall die Qualit\u00e4t.&#8220;<\/p>\n<p class=\"text-secondary\">\u00a9 2026 SID<\/p>\n","protected":false},"excerpt":{"rendered":"Mit einem Offensivfeuerwerk und mehr Stabilit\u00e4t bei Kontern wollen die Fu\u00dfballerinnen von Eintracht Frankfurt doch noch den Einzug&hellip;\n","protected":false},"author":2,"featured_media":79386,"comment_status":"","ping_status":"","sticky":false,"template":"","format":"standard","meta":{"footnotes":"","_share_on_mastodon":"0"},"categories":[18],"tags":[46,42,30518,30517,30520,30519,44,109,108],"class_list":["post-79385","post","type-post","status-publish","format-standard","has-post-thumbnail","category-sport","tag-at","tag-austria","tag-europa-cup-finale","tag-frankfurterinnen","tag-konter","tag-offensivfeuerwerk","tag-oesterreich","tag-sport","tag-sports"],"share_on_mastodon":{"url":"https:\/\/pubeurope.com\/@at\/116333347064655285","error":""},"_links":{"self":[{"href":"https:\/\/www.europesays.com\/at\/wp-json\/wp\/v2\/posts\/79385","targetHints":{"allow":["GET"]}}],"collection":[{"href":"https:\/\/www.europesays.com\/at\/wp-json\/wp\/v2\/posts"}],"about":[{"href":"https:\/\/www.europesays.com\/at\/wp-json\/wp\/v2\/types\/post"}],"author":[{"embeddable":true,"href":"https:\/\/www.europesays.com\/at\/wp-json\/wp\/v2\/users\/2"}],"replies":[{"embeddable":true,"href":"https:\/\/www.europesays.com\/at\/wp-json\/wp\/v2\/comments?post=79385"}],"version-history":[{"count":0,"href":"https:\/\/www.europesays.com\/at\/wp-json\/wp\/v2\/posts\/79385\/revisions"}],"wp:featuredmedia":[{"embeddable":true,"href":"https:\/\/www.europesays.com\/at\/wp-json\/wp\/v2\/media\/79386"}],"wp:attachment":[{"href":"https:\/\/www.europesays.com\/at\/wp-json\/wp\/v2\/media?parent=79385"}],"wp:term":[{"taxonomy":"category","embeddable":true,"href":"https:\/\/www.europesays.com\/at\/wp-json\/wp\/v2\/categories?post=79385"},{"taxonomy":"post_tag","embeddable":true,"href":"https:\/\/www.europesays.com\/at\/wp-json\/wp\/v2\/tags?post=79385"}],"curies":[{"name":"wp","href":"https:\/\/api.w.org\/{rel}","templated":true}]}}