{"id":83723,"date":"2026-04-04T12:09:15","date_gmt":"2026-04-04T12:09:15","guid":{"rendered":"https:\/\/www.europesays.com\/at\/83723\/"},"modified":"2026-04-04T12:09:15","modified_gmt":"2026-04-04T12:09:15","slug":"geheimer-sender-zwischen-boeblingen-und-stuttgart","status":"publish","type":"post","link":"https:\/\/www.europesays.com\/at\/83723\/","title":{"rendered":"Geheimer Sender zwischen B\u00f6blingen und Stuttgart"},"content":{"rendered":"<p>B\u00f6blingen.  Seit dem 28. Februar sendet irgendwo zwischen der Panzerkaserne B\u00f6blingen und den Patch Barracks ein neuer Geheimsender \u2014 t\u00e4glich um 3 Uhr morgens und noch einmal um 21 Uhr. Die Station, von Funkamateuren \u201eV32\u2033 getauft, spricht auf Kurzwelle in persischer Sprache: dreimal \u201eAchtung\u201c, dann zwanzig Minuten Zahlenfolgen.<\/p>\n<p>Aufgesp\u00fcrt hat den Sender \u201ePriyom\u201c, eine internationale Gruppe von Funkforschern, die seit Jahren Spionagestationen weltweit verfolgt \u2013 wie das Technikmagazin \u201eheise online\u201c berichtet. Per Triangulation verorten sie V32 im Raum zwischen den beiden US-Milit\u00e4reinrichtungen \u2013 in den Patch Barracks ist unter anderem das \u201e52nd Strategic Signal Battalion\u201c der US-Army stationiert.<\/p>\n<p>Wozu der Sender dient, ist offen. M\u00f6glicherweise erreicht er Agenten oder Oppositionskr\u00e4fte im Iran. Oder er soll den Gegner schlicht verwirren. Seit dem Start wurde V32 bereits auf seiner urspr\u00fcnglichen Frequenz gest\u00f6rt \u2013 mutma\u00dflich durch iranisches Jamming. Seitdem wechselt er die Frequenz.<\/p>\n","protected":false},"excerpt":{"rendered":"B\u00f6blingen. Seit dem 28. Februar sendet irgendwo zwischen der Panzerkaserne B\u00f6blingen und den Patch Barracks ein neuer Geheimsender&hellip;\n","protected":false},"author":2,"featured_media":83724,"comment_status":"","ping_status":"","sticky":false,"template":"","format":"standard","meta":{"footnotes":"","_share_on_mastodon":"0"},"categories":[24],"tags":[46,42,31915,147,31916,31917,153,154,44,148],"class_list":["post-83723","post","type-post","status-publish","format-standard","has-post-thumbnail","category-musik","tag-at","tag-austria","tag-boeblingen","tag-entertainment","tag-funk","tag-geheimsender","tag-music","tag-musik","tag-oesterreich","tag-unterhaltung"],"share_on_mastodon":{"url":"https:\/\/pubeurope.com\/@at\/116346366469718507","error":""},"_links":{"self":[{"href":"https:\/\/www.europesays.com\/at\/wp-json\/wp\/v2\/posts\/83723","targetHints":{"allow":["GET"]}}],"collection":[{"href":"https:\/\/www.europesays.com\/at\/wp-json\/wp\/v2\/posts"}],"about":[{"href":"https:\/\/www.europesays.com\/at\/wp-json\/wp\/v2\/types\/post"}],"author":[{"embeddable":true,"href":"https:\/\/www.europesays.com\/at\/wp-json\/wp\/v2\/users\/2"}],"replies":[{"embeddable":true,"href":"https:\/\/www.europesays.com\/at\/wp-json\/wp\/v2\/comments?post=83723"}],"version-history":[{"count":0,"href":"https:\/\/www.europesays.com\/at\/wp-json\/wp\/v2\/posts\/83723\/revisions"}],"wp:featuredmedia":[{"embeddable":true,"href":"https:\/\/www.europesays.com\/at\/wp-json\/wp\/v2\/media\/83724"}],"wp:attachment":[{"href":"https:\/\/www.europesays.com\/at\/wp-json\/wp\/v2\/media?parent=83723"}],"wp:term":[{"taxonomy":"category","embeddable":true,"href":"https:\/\/www.europesays.com\/at\/wp-json\/wp\/v2\/categories?post=83723"},{"taxonomy":"post_tag","embeddable":true,"href":"https:\/\/www.europesays.com\/at\/wp-json\/wp\/v2\/tags?post=83723"}],"curies":[{"name":"wp","href":"https:\/\/api.w.org\/{rel}","templated":true}]}}