{"id":91759,"date":"2026-04-08T23:17:10","date_gmt":"2026-04-08T23:17:10","guid":{"rendered":"https:\/\/www.europesays.com\/at\/91759\/"},"modified":"2026-04-08T23:17:10","modified_gmt":"2026-04-08T23:17:10","slug":"sylvie-meis-geniesst-ihr-single-leben","status":"publish","type":"post","link":"https:\/\/www.europesays.com\/at\/91759\/","title":{"rendered":"Sylvie Meis genie\u00dft ihr Single-Leben"},"content":{"rendered":"<p>Nach Trennung von Unternehmer <\/p>\n<p>Sylvie Meis genie\u00dft ihr Single-Leben<\/p>\n<p>08.04.2026 &#8211; 19:41 UhrLesedauer: 2 Min.<\/p>\n<p><a href=\"#focus-0\" class=\"transition-colors duration-200 block text-current relative\" data-sctrack=\"FocusGalleryImage.Reference\"><img fetchpriority=\"high\" data-testid=\"Opener.Image\" style=\"--lqipURL:url('https:\/\/images.t-online.de\/2025\/04\/Hfw403cWKKE4\/0x409:3134x1763\/fit-in\/150x0\/filters:blur(25)\/sylvie-meis-sie-nimmt-die-schauspielerei-wieder-auf.jpg')\"   loading=\"eager\" src=\"https:\/\/www.europesays.com\/at\/wp-content\/uploads\/2026\/04\/sylvie-meis-sie-nimmt-die-schauspielerei-wieder-auf.jpg\" alt=\"Sylvie Meis: Sie nimmt die Schauspielerei wieder auf.\" title=\"Sylvie Meis: Sie nimmt die Schauspielerei wieder auf.\" width=\"3134\" height=\"1763\" class=\"bg-[url:var(--lqipURL)] bg-cover bg-center flex h-full w-full max-w-full\" decoding=\"async\"\/><img style=\"--width:32;--height:32\" loading=\"lazy\" src=\"https:\/\/www.t-online.de\/s\/paper\/_next\/static\/media\/zoom-in.f7dae02f.svg\" alt=\"Vergr\u00f6\u00dfern des Bildes\" title=\"Vergr\u00f6\u00dfern des Bildes\" class=\"block h-[calc(var(--height)_\/_16_*_1rem)] w-[calc(var(--width)_\/_16_*_1rem)] max-w-none absolute bottom-8 right-8 rounded-4 bg-snow p-8\" decoding=\"async\"\/><\/a><\/p>\n<p>Sylvie Meis: Sie hat aktuell keinen Partner. (Quelle: IMAGO\/Oliver Langel, Duesseldorf, Germ\/imago)<\/p>\n<p class=\"font-bold text-18 leading-17 user-text-lg:text-22 user-text-xl:text-24\">Anfang des Jahres wurde das Liebes-Aus von Sylvie Meis bekannt. Nun spricht die Moderatorin offen \u00fcber ihr neues Leben als Single.<\/p>\n<p class=\"text-18 leading-17 user-text-lg:text-22 user-text-xl:text-24\">In ein paar Tagen steht f\u00fcr <a class=\"transition-colors duration-200 cursor-pointer text-inherit no-underline text-salemsfur md:hover:text-magenta md:hover:border-magenta md:focus:text-magenta border-current border-b border-solid break-words\" data-tracking=\"{&quot;action&quot;:&quot;click&quot;,&quot;category&quot;:&quot;intextLink&quot;,&quot;label&quot;:&quot;\/themen\/sylvie-meis\/&quot;}\" href=\"https:\/\/www.t-online.de\/themen\/sylvie-meis\/\" data-sctrack=\"BodyAnchor\" rel=\"nofollow noopener\" target=\"_blank\">Sylvie Meis<\/a> ihr 48. Geburtstag an. Darauf angesprochen sagte sie dem &#8222;Bunte&#8220;-Magazin: &#8222;Ich gehe immer noch mit Freude durchs Leben. Ich liebe diese kleinen Momente, ein Gespr\u00e4ch im Supermarkt, ein L\u00e4cheln, ein Zufall.&#8220; Nat\u00fcrlich habe sie auch schwere Zeiten erlebt, ihre Krebserkrankung etwa, zwei Scheidungen \u2013 &#8222;aber ich habe mich entschieden, nicht verbittert zu werden. Diese Leichtigkeit ist meine St\u00e4rke&#8220;, betont die Moderatorin.<\/p>\n<p class=\"text-18 leading-17 user-text-lg:text-22 user-text-xl:text-24\">Auch mit ihrem derzeitigen Beziehungsstatus hadert Meis keinesfalls. Seit der Trennung von Unternehmer Patrick Gruhn Anfang dieses Jahres lebt sie als Single. In einem Interview mit &#8222;Bunte&#8220; hat die Mutter eines Sohnes nun \u00fcber ihren neuen Alltag gesprochen.<\/p>\n<p class=\"text-18 leading-17 user-text-lg:text-22 user-text-xl:text-24\">&#8222;Ich genie\u00dfe mein Single-Leben mehr als je zuvor. Fr\u00fcher dachte ich oft, ich muss in einer Beziehung sein. Heute wei\u00df ich: Ich bin als Mensch und als Frau auch &#8218;komplett&#8216; ohne Partner.&#8220; Meis liebe ihr Leben, ihre Karriere, ihre Freiheit, ihre Freunde und ihre Familie. &#8222;Ich treffe Entscheidungen allein. Und das f\u00fchlt sich richtig gut an&#8220;, sagt sie.<\/p>\n<p class=\"text-18 leading-17 user-text-lg:text-22 user-text-xl:text-24\">Dennoch k\u00f6nne sie sich eine neue Beziehung vorstellen. &#8222;Wenn der Richtige kommt. Aber ich brauche niemanden, um gl\u00fccklich zu sein. Ich will jemanden.&#8220; Das sei ein gro\u00dfer Unterschied. Sie habe keine Bed\u00fcrfnisse, aber nat\u00fcrlich W\u00fcnsche.<\/p>\n<p class=\"text-18 leading-17 user-text-lg:text-22 user-text-xl:text-24\">Womit ein zuk\u00fcnftiger Partner in jedem Fall umgehen m\u00fcsse, wei\u00df Meis ganz genau. &#8222;Mein Leben ist \u00f6ffentlich, und das geh\u00f6rt zu meinem Job. Das erfordert St\u00e4rke. Aber ich glaube daran, dass es diesen Mann gibt und dass ich ihn finde.&#8220;<\/p>\n","protected":false},"excerpt":{"rendered":"Nach Trennung von Unternehmer Sylvie Meis genie\u00dft ihr Single-Leben 08.04.2026 &#8211; 19:41 UhrLesedauer: 2 Min. Sylvie Meis: Sie&hellip;\n","protected":false},"author":2,"featured_media":91760,"comment_status":"","ping_status":"","sticky":false,"template":"","format":"standard","meta":{"footnotes":"","_share_on_mastodon":"0"},"categories":[27],"tags":[46,42,175,147,44,34430,176,9997,148],"class_list":["post-91759","post","type-post","status-publish","format-standard","has-post-thumbnail","category-prominente","tag-at","tag-austria","tag-celebrities","tag-entertainment","tag-oesterreich","tag-patrick-gruhn","tag-prominente","tag-sylvie-meis","tag-unterhaltung"],"share_on_mastodon":{"url":"https:\/\/pubeurope.com\/@at\/116371642293530903","error":""},"_links":{"self":[{"href":"https:\/\/www.europesays.com\/at\/wp-json\/wp\/v2\/posts\/91759","targetHints":{"allow":["GET"]}}],"collection":[{"href":"https:\/\/www.europesays.com\/at\/wp-json\/wp\/v2\/posts"}],"about":[{"href":"https:\/\/www.europesays.com\/at\/wp-json\/wp\/v2\/types\/post"}],"author":[{"embeddable":true,"href":"https:\/\/www.europesays.com\/at\/wp-json\/wp\/v2\/users\/2"}],"replies":[{"embeddable":true,"href":"https:\/\/www.europesays.com\/at\/wp-json\/wp\/v2\/comments?post=91759"}],"version-history":[{"count":0,"href":"https:\/\/www.europesays.com\/at\/wp-json\/wp\/v2\/posts\/91759\/revisions"}],"wp:featuredmedia":[{"embeddable":true,"href":"https:\/\/www.europesays.com\/at\/wp-json\/wp\/v2\/media\/91760"}],"wp:attachment":[{"href":"https:\/\/www.europesays.com\/at\/wp-json\/wp\/v2\/media?parent=91759"}],"wp:term":[{"taxonomy":"category","embeddable":true,"href":"https:\/\/www.europesays.com\/at\/wp-json\/wp\/v2\/categories?post=91759"},{"taxonomy":"post_tag","embeddable":true,"href":"https:\/\/www.europesays.com\/at\/wp-json\/wp\/v2\/tags?post=91759"}],"curies":[{"name":"wp","href":"https:\/\/api.w.org\/{rel}","templated":true}]}}