{"id":92294,"date":"2026-04-09T06:57:07","date_gmt":"2026-04-09T06:57:07","guid":{"rendered":"https:\/\/www.europesays.com\/at\/92294\/"},"modified":"2026-04-09T06:57:07","modified_gmt":"2026-04-09T06:57:07","slug":"snowboarder-stirbt-bei-lawinenabgang-in-tirol-diepresse-com","status":"publish","type":"post","link":"https:\/\/www.europesays.com\/at\/92294\/","title":{"rendered":"Snowboarder stirbt bei Lawinenabgang in Tirol \u2013 DiePresse.com"},"content":{"rendered":"<p>Drei Wintersportler fuhren vom Gipfel \u201eDie Mute\u201c in K\u00fchtai ab, als sich ein Schneebrett l\u00f6ste.<\/p>\n<p>Ein Lawinenabgang im Tiroler K\u00fchtai (Bezirk Imst) hat am Mittwochnachmittag f\u00fcr einen von drei Snowboardern t\u00f6dlich geendet. Die Wintersportler fuhren vom Gipfel \u201eDie Mute\u201c Richtung Finstertal-Stausee, als sich ein Schneebrett l\u00f6ste. Der Mittlere der Gruppe wurde ganz versch\u00fcttet. Nach zweieinhalb Stunden Suche konnten ihn die Rettungskr\u00e4fte lokalisieren. Er konnte aber nur noch tot geborgen werden. Die Snowboarder f\u00fchrten keine Notfallausr\u00fcstung mit sich.<\/p>\n<p>Der Letzte der Gruppe wurde laut der Polizei bis zum Kopf versch\u00fcttet. Er konnte unverletzt geborgen werden. Der Erste wurde nicht versch\u00fcttet. Im Einsatz standen mehrere Ortsstellen der Bergrettung des Bezirks Imst, die Freiwilligen Feuerwehren Silz und K\u00fchtai, Mitarbeiter der Bergbahnen K\u00fchtai und der umliegenden Skischulen sowie drei Rettungshubschrauber, ein Polizeihubschrauber und mehrere Kr\u00e4fte der Polizei und Alpinpolizei. (APA)<\/p>\n<p>    Lesen Sie mehr zu diesen Themen:<\/p>\n","protected":false},"excerpt":{"rendered":"Drei Wintersportler fuhren vom Gipfel \u201eDie Mute\u201c in K\u00fchtai ab, als sich ein Schneebrett l\u00f6ste. Ein Lawinenabgang im&hellip;\n","protected":false},"author":2,"featured_media":92295,"comment_status":"","ping_status":"","sticky":false,"template":"","format":"standard","meta":{"footnotes":"","_share_on_mastodon":"0"},"categories":[8],"tags":[34583,40,41,39,38],"class_list":["post-92294","post","type-post","status-publish","format-standard","has-post-thumbnail","category-nachrichten","tag-kuehtai","tag-nachrichten","tag-news","tag-schlagzeilen","tag-top-meldungen"],"share_on_mastodon":{"url":"https:\/\/pubeurope.com\/@at\/116373451451264256","error":""},"_links":{"self":[{"href":"https:\/\/www.europesays.com\/at\/wp-json\/wp\/v2\/posts\/92294","targetHints":{"allow":["GET"]}}],"collection":[{"href":"https:\/\/www.europesays.com\/at\/wp-json\/wp\/v2\/posts"}],"about":[{"href":"https:\/\/www.europesays.com\/at\/wp-json\/wp\/v2\/types\/post"}],"author":[{"embeddable":true,"href":"https:\/\/www.europesays.com\/at\/wp-json\/wp\/v2\/users\/2"}],"replies":[{"embeddable":true,"href":"https:\/\/www.europesays.com\/at\/wp-json\/wp\/v2\/comments?post=92294"}],"version-history":[{"count":0,"href":"https:\/\/www.europesays.com\/at\/wp-json\/wp\/v2\/posts\/92294\/revisions"}],"wp:featuredmedia":[{"embeddable":true,"href":"https:\/\/www.europesays.com\/at\/wp-json\/wp\/v2\/media\/92295"}],"wp:attachment":[{"href":"https:\/\/www.europesays.com\/at\/wp-json\/wp\/v2\/media?parent=92294"}],"wp:term":[{"taxonomy":"category","embeddable":true,"href":"https:\/\/www.europesays.com\/at\/wp-json\/wp\/v2\/categories?post=92294"},{"taxonomy":"post_tag","embeddable":true,"href":"https:\/\/www.europesays.com\/at\/wp-json\/wp\/v2\/tags?post=92294"}],"curies":[{"name":"wp","href":"https:\/\/api.w.org\/{rel}","templated":true}]}}