{"id":92829,"date":"2026-04-09T13:04:10","date_gmt":"2026-04-09T13:04:10","guid":{"rendered":"https:\/\/www.europesays.com\/at\/92829\/"},"modified":"2026-04-09T13:04:10","modified_gmt":"2026-04-09T13:04:10","slug":"die-raeuber-der-herzen-premiere-in-linz","status":"publish","type":"post","link":"https:\/\/www.europesays.com\/at\/92829\/","title":{"rendered":"&#8222;Die R\u00e4uber der Herzen&#8220;: Premiere in Linz"},"content":{"rendered":"<p> LINZ. \u201eDie R\u00e4uber der Herzen\u201c von Bonn Park feiert am Samstag, 11. April, 20 Uhr, seine Premiere auf der Studiob\u00fchne \u2013 es ist die \u00f6sterreichische Erstauff\u00fchrung. <\/p>\n<p>Der Autor bedient sich f\u00fcr das St\u00fcck sowohl bei einem klassischen Stoff als auch bei einem der erfolgreichsten Filme der letzten Jahrzehnte.\u00a0<\/p>\n<p> Karl Ozean, alter Ego des ber\u00fchmten R\u00e4uberhauptmanns Karl Moor aus Friedrich Schillers \u201eDie R\u00e4uber\u201c sowie von Danny Ocean aus dem Film \u201eOcean\u2019s Eleven\u201c, wird aus dem Gef\u00e4ngnis entlassen. Wie sein Vorbild hat er bereits Pl\u00e4ne f\u00fcr den n\u00e4chsten Coup im Kopf. Es soll in das bestgesicherte Geb\u00e4ude der Welt \u2013 das Grandhotel&amp;Casino L\u2019Ozean \u2013 eingebrochen werden. Pikant dabei ist, dass es seiner Familie geh\u00f6rt. Karl Ozean hat es also auf den Familienbesitz abgesehen, der sich in einem Tresor befindet. Mit diesem Einbruch m\u00f6chte er zudem offene Rechnungen mit Amalia, seinem Bruder Franz sowie dem alten Ozean, seinem Vater, begleichen.<a data-mce-href=\"https:\/\/www.landestheater-linz.at\/presse\" rel=\"nofollow noopener\" target=\"_blank\" href=\"https:\/\/www.landestheater-linz.at\/presse\"><\/p>\n<p>Regie f\u00fchrt Rachel M\u00fcller.\u00a0<\/p>\n","protected":false},"excerpt":{"rendered":"LINZ. \u201eDie R\u00e4uber der Herzen\u201c von Bonn Park feiert am Samstag, 11. April, 20 Uhr, seine Premiere auf&hellip;\n","protected":false},"author":2,"featured_media":92830,"comment_status":"","ping_status":"","sticky":false,"template":"","format":"standard","meta":{"footnotes":"","_share_on_mastodon":"0"},"categories":[30],"tags":[46,42,184,34793,44,34790,34792,34791],"class_list":["post-92829","post","type-post","status-publish","format-standard","has-post-thumbnail","category-linz","tag-at","tag-austria","tag-linz","tag-oceans-eleven","tag-oesterreich","tag-raeuber-der-herzen","tag-schiller","tag-studiobuehne"],"share_on_mastodon":{"url":"https:\/\/pubeurope.com\/@at\/116374894297359528","error":""},"_links":{"self":[{"href":"https:\/\/www.europesays.com\/at\/wp-json\/wp\/v2\/posts\/92829","targetHints":{"allow":["GET"]}}],"collection":[{"href":"https:\/\/www.europesays.com\/at\/wp-json\/wp\/v2\/posts"}],"about":[{"href":"https:\/\/www.europesays.com\/at\/wp-json\/wp\/v2\/types\/post"}],"author":[{"embeddable":true,"href":"https:\/\/www.europesays.com\/at\/wp-json\/wp\/v2\/users\/2"}],"replies":[{"embeddable":true,"href":"https:\/\/www.europesays.com\/at\/wp-json\/wp\/v2\/comments?post=92829"}],"version-history":[{"count":0,"href":"https:\/\/www.europesays.com\/at\/wp-json\/wp\/v2\/posts\/92829\/revisions"}],"wp:featuredmedia":[{"embeddable":true,"href":"https:\/\/www.europesays.com\/at\/wp-json\/wp\/v2\/media\/92830"}],"wp:attachment":[{"href":"https:\/\/www.europesays.com\/at\/wp-json\/wp\/v2\/media?parent=92829"}],"wp:term":[{"taxonomy":"category","embeddable":true,"href":"https:\/\/www.europesays.com\/at\/wp-json\/wp\/v2\/categories?post=92829"},{"taxonomy":"post_tag","embeddable":true,"href":"https:\/\/www.europesays.com\/at\/wp-json\/wp\/v2\/tags?post=92829"}],"curies":[{"name":"wp","href":"https:\/\/api.w.org\/{rel}","templated":true}]}}