{"id":99869,"date":"2026-04-13T10:06:12","date_gmt":"2026-04-13T10:06:12","guid":{"rendered":"https:\/\/www.europesays.com\/at\/99869\/"},"modified":"2026-04-13T10:06:12","modified_gmt":"2026-04-13T10:06:12","slug":"porsche-holding-salzburg-mit-neuem-rekordumsatz-diepresse-com","status":"publish","type":"post","link":"https:\/\/www.europesays.com\/at\/99869\/","title":{"rendered":"Porsche Holding Salzburg mit neuem Rekordumsatz \u2013 DiePresse.com"},"content":{"rendered":"<p>Der gr\u00f6\u00dfte Autoh\u00e4ndler Europas erwirtschaftete in 29 L\u00e4ndern mehr als 40 Mrd. Euro.<\/p>\n<p>Die Porsche Holding Salzburg (PHS), der gr\u00f6\u00dfte Autoh\u00e4ndler Europas, ist im vergangenen Jahr deutlich gewachsen. Zum ersten Mal machte das Unternehmen im Besitz der Volkswagen AG mehr als 40 Milliarden Euro Umsatz. Nach den vorliegenden Kennzahlen waren es exakt 40,7 Milliarden Euro, was einem Anstieg von beachtlichen 42,1 Prozent gegen\u00fcber dem Jahr 2024 entspricht. <\/p>\n<p>Wesentlicher Treiber des Wachstumsschubs im Autojahr 2025 war die \u00dcbertragung der Gro\u00dfhandelsverantwortung f\u00fcr die Automarken des Konzerns in Italien und Schweden. Sie l\u00e4sst die PHS bei St\u00fcckzahlen und Umsatz in neue Dimensionen vorsto\u00dfen.<\/p>\n<p>\u201eDie \u00dcbernahme der Importeure in den neuen L\u00e4ndern er\u00f6ffnet f\u00fcr uns nicht nur neue Perspektiven im internationalen Vertrieb, sondern legt zugleich die Basis f\u00fcr weiteres Wachstum\u201c, erkl\u00e4rt Hans Peter Sch\u00fctzinger, Vorstandschef der Porsche Holding, in einer Aussendung. \u201e\u00dcber 24 Prozent unseres Gesamtumsatzes im vergangenen Jahr kommt aus den beiden neuen Gro\u00dfhandelsm\u00e4rkten Italien und Schweden\u201c<\/p>\n<p>Die Zahl der verkauften Neufahrzeuge stieg insgesamt von rund 550.000 im Jahr 2024 auf 912.000 im Jahr 2025. Das entspricht einem Zuwachs von 65,6 Prozent. Der umsatzst\u00e4rkste Gro\u00dfhandelsmarkt war 2025 Italien mit einem Anteil von 31,7 Prozent gefolgt von \u00d6sterreich (19,9 Prozent) und Schweden (15,1 Prozent).<\/p>\n<p>Im Einzelhandel, der 20 Mrd. Euro zum Umsatz beitrug, f\u00fchrt Deutschland mit 4,8 Milliarden Euro das Ranking vor \u00a0Italien mit 2,2 Milliarden Euro an. Der Neuwagenabsatz im Einzelhandel war mit 286.500 Fahrzeugen leicht r\u00fcckl\u00e4ufig (-0,4 Prozent).<\/p>\n<p>Das Gebrauchtwagensegment entwickelte sich 2025 weitgehend stabil. Mit rund 219.233 verkauften Fahrzeugen lag der Absatz leicht unter dem Vorjahreswert von 221.900 Einheiten. Daraus ergibt sich ein R\u00fcckgang von 1,2 Prozent. <\/p>\n<p><img decoding=\"async\" class=\"figure__image\" src=\"https:\/\/www.europesays.com\/at\/wp-content\/uploads\/2026\/04\/1776074772_476_kein Titel.webp\" alt=\"PHS-Chef Hans Peter Sch\u00fctzinger.\" width=\"1000\" height=\"600\" loading=\"lazy\" fetchpriority=\"low\"\/><\/p>\n<p>PHS-Chef Hans Peter Sch\u00fctzinger.\u2003Wild + Team Fotoagentur Gmbh<\/p>\n<p>Die Porsche Holding ist auf drei Kontinenten \u2013 Europa, S\u00fcdamerika und Asien \u2013 in insgesamt 29 L\u00e4ndern t\u00e4tig. Diese geografische Diversifikation bildet die Grundlage f\u00fcr das Wachstum, wobei Europa weiterhin den Kernmarkt darstellt. Gleichzeitig gewinnen au\u00dfereurop\u00e4ische Regionen zunehmend an Bedeutung f\u00fcr die Gesch\u00e4ftsentwicklung. <\/p>\n<p>Das Vertriebsnetz umfasste im Berichtsjahr 487 H\u00e4ndlerstandorte. Im Vergleich zum Vorjahr entspricht dies einem R\u00fcckgang um elf Standorte, was auf eine laufende Optimierung der Vertriebsstruktur hindeutet. <\/p>\n<p>Die Zahl der Besch\u00e4ftigten belief sich weltweit auf 36.917 und lag damit um etwa 100 Mitarbeiter unter der Zahl von 2024.<\/p>\n<p>Der Start ins heurige Jahr verlief f\u00fcr die PHS gut, aber: \u201eWir hoffen, dass sich die weltweite politische und wirtschaftliche Lage mit der einhergehenden Inflation schnellstm\u00f6glich wieder entspannen, um nicht in eine anhaltende Rezession zu fallen\u201c, meinte Sch\u00fctzinger in der Aussendung. \u201eDie Verunsicherung ist \u00fcberall sp\u00fcrbar, auch wenn wir als Porsche Holding Salzburg gut in die ersten Monate des Jahres 2026 gestartet sind und auf einem hohen Auftragsbestand aufbauen k\u00f6nnen.\u201c<\/p>\n<p>Gerade in Europa m\u00fcsse man verst\u00e4rkt \u201eauf der Kostenseite arbeiten\u201c, da der Markt nicht nur kleiner werde, sondern auch mit der Konkurrenz aus Fernost immer wettbewerbsintensiver. <\/p>\n<p>(red.)<\/p>\n<p>    Lesen Sie mehr zu diesen Themen:<\/p>\n","protected":false},"excerpt":{"rendered":"Der gr\u00f6\u00dfte Autoh\u00e4ndler Europas erwirtschaftete in 29 L\u00e4ndern mehr als 40 Mrd. Euro. Die Porsche Holding Salzburg (PHS),&hellip;\n","protected":false},"author":2,"featured_media":99870,"comment_status":"","ping_status":"","sticky":false,"template":"","format":"standard","meta":{"footnotes":"","_share_on_mastodon":"0"},"categories":[31],"tags":[46,42,11243,44,192],"class_list":["post-99869","post","type-post","status-publish","format-standard","has-post-thumbnail","category-salzburg","tag-at","tag-austria","tag-autohandel","tag-oesterreich","tag-salzburg"],"share_on_mastodon":{"url":"https:\/\/pubeurope.com\/@at\/116396843581781729","error":""},"_links":{"self":[{"href":"https:\/\/www.europesays.com\/at\/wp-json\/wp\/v2\/posts\/99869","targetHints":{"allow":["GET"]}}],"collection":[{"href":"https:\/\/www.europesays.com\/at\/wp-json\/wp\/v2\/posts"}],"about":[{"href":"https:\/\/www.europesays.com\/at\/wp-json\/wp\/v2\/types\/post"}],"author":[{"embeddable":true,"href":"https:\/\/www.europesays.com\/at\/wp-json\/wp\/v2\/users\/2"}],"replies":[{"embeddable":true,"href":"https:\/\/www.europesays.com\/at\/wp-json\/wp\/v2\/comments?post=99869"}],"version-history":[{"count":0,"href":"https:\/\/www.europesays.com\/at\/wp-json\/wp\/v2\/posts\/99869\/revisions"}],"wp:featuredmedia":[{"embeddable":true,"href":"https:\/\/www.europesays.com\/at\/wp-json\/wp\/v2\/media\/99870"}],"wp:attachment":[{"href":"https:\/\/www.europesays.com\/at\/wp-json\/wp\/v2\/media?parent=99869"}],"wp:term":[{"taxonomy":"category","embeddable":true,"href":"https:\/\/www.europesays.com\/at\/wp-json\/wp\/v2\/categories?post=99869"},{"taxonomy":"post_tag","embeddable":true,"href":"https:\/\/www.europesays.com\/at\/wp-json\/wp\/v2\/tags?post=99869"}],"curies":[{"name":"wp","href":"https:\/\/api.w.org\/{rel}","templated":true}]}}