{"id":101779,"date":"2026-05-09T18:59:19","date_gmt":"2026-05-09T18:59:19","guid":{"rendered":"https:\/\/www.europesays.com\/be-fr\/101779\/"},"modified":"2026-05-09T18:59:19","modified_gmt":"2026-05-09T18:59:19","slug":"camille-cerf-se-confie-sur-son-lipoedeme-ca-sest-amplifie-avec-la-grossesse","status":"publish","type":"post","link":"https:\/\/www.europesays.com\/be-fr\/101779\/","title":{"rendered":"Camille Cerf se confie sur son lip\u0153d\u00e8me : \u00ab \u00c7a s\u2019est amplifi\u00e9 avec la grossesse \u00bb"},"content":{"rendered":"<p class=\"mb-4 text-lg md:leading-8 break-words\">Au d\u00e9but de l\u2019ann\u00e9e, Camille Cerf a r\u00e9v\u00e9l\u00e9 avec courage \u00eatre atteinte de lip\u0153d\u00e8me, une maladie entra\u00eenant un d\u00e9p\u00f4t anormal de tissu adipeux sous la peau, notamment au niveau des membres inf\u00e9rieurs. \u00ab Mes jambes, c\u2019est devenu mon plus gros complexe \u00bb, avait-elle confi\u00e9 sur Instagram. Et d\u2019ajouter : \u00ab J\u2019ai tout le temps des bleus qui apparaissent de mani\u00e8re inexpliqu\u00e9e, des douleurs dans les jambes, surtout le soir et quand il fait chaud, de la peau d\u2019orange\u2026 \u00bb Questionn\u00e9e sur le sujet par <a href=\"https:\/\/www.femmeactuelle.fr\/actu\/news-actu\/j-ai-deja-fait-des-malaises-camille-cerf-se-confie-sur-son-combat-contre-le-lipoedeme-exclu-2207232?utm_source=edito&amp;utm_medium=push-web-auto&amp;utm_campaign=actu&amp;utm_content=j-ai-deja-fait-des-malaises-camille-cerf-se-confie-sur-son-combat-contre-le-lipoedeme-exclu\" rel=\"nofollow noopener\" target=\"_blank\" data-ylk=\"elm:link;elmt:article_link;slk:Femme Actuelle;itc:0;sec:content-canvas\" data-yga=\"{&quot;yLinkElement&quot;:&quot;context_link&quot;,&quot;yModuleName&quot;:&quot;content-canvas&quot;,&quot;yLinkText&quot;:&quot;Femme Actuelle&quot;}\" class=\"link \">Femme Actuelle<\/a> en ce d\u00e9but de mois de mai, celle qui a \u00e9t\u00e9 couronn\u00e9e Miss France en 2015 a accept\u00e9 d\u2019en dire plus sur son trouble.<\/p>\n<p>\u00ab J\u2019ai d\u00e9j\u00e0 fait des malaises \u00bb<\/p>\n<p class=\"mb-4 text-lg md:leading-8 break-words\">Lorsque le diagnostic est tomb\u00e9 pour Camille Cerf, cela a \u00e9t\u00e9 un v\u00e9ritable soulagement au vu de l\u2019inconfort qu\u2019elle ne pouvait nommer depuis des ann\u00e9es. \u00ab J\u2019ai d\u00e9j\u00e0 fait des malaises tellement je ne me sentais pas bien, et je n\u2019arrivais pas \u00e0 comprendre ce que c\u2019\u00e9tait. Et quand on a mis un mot dessus, j\u2019ai su que je n\u2019\u00e9tais pas folle \u00bb, a-t-elle r\u00e9v\u00e9l\u00e9 \u00e0 nos confr\u00e8res.<\/p>\n<p class=\"mb-4 text-lg md:leading-8 break-words\">Si l\u2019ancienne reine de beaut\u00e9 avait remarqu\u00e9 depuis longtemps certains sympt\u00f4mes de la maladie, elle a constat\u00e9 une acc\u00e9l\u00e9ration de ces derniers au moment d\u2019accueillir son fils Malo en 2023, fruit de sa relation avec le joueur de hockey sur glace Th\u00e9o Fleury. \u00ab Je pense que je l\u2019ai toujours eu, mais que \u00e7a s\u2019est amplifi\u00e9 avec la grossesse \u00bb, a soulign\u00e9 la belle Nordiste aupr\u00e8s de Femme Actuelle. Pour rappel, Camille Cerf avait tout de m\u00eame eu le courage de se d\u00e9voiler en maillot de bain peu de temps apr\u00e8s son accouchement, malgr\u00e9 ses complexes. \u00ab Je me suis dit que c\u2019est hyper important de montrer \u00e7a aussi aux gens. Parce que moi, je n\u2019\u00e9tais pas pr\u00e9par\u00e9e, j\u2019avais l\u2019impression, quand je regardais les filles sur Instagram, qu\u2019elles accouchaient et que le lendemain, elles avaient des abdos ! \u00bb, avait-elle indiqu\u00e9 aupr\u00e8s de <a href=\"https:\/\/www.purepeople.com\/article\/exclu-je-ne-me-suis-pas-reconnue-apres-avoir-accouche-camille-cerf-maman-depuis-deux-ans-elle-evoque-sa-silhouette-changee_a549882\/1\" rel=\"nofollow noopener\" target=\"_blank\" data-ylk=\"elm:link;elmt:article_link;slk:Purepeople;itc:0;sec:content-canvas\" data-yga=\"{&quot;yLinkElement&quot;:&quot;context_link&quot;,&quot;yModuleName&quot;:&quot;content-canvas&quot;,&quot;yLinkText&quot;:&quot;Purepeople&quot;}\" class=\"link \">Purepeople<\/a>.<\/p>\n","protected":false},"excerpt":{"rendered":"Au d\u00e9but de l\u2019ann\u00e9e, Camille Cerf a r\u00e9v\u00e9l\u00e9 avec courage \u00eatre atteinte de lip\u0153d\u00e8me, une maladie entra\u00eenant un&hellip;\n","protected":false},"author":2,"featured_media":101780,"comment_status":"","ping_status":"","sticky":false,"template":"","format":"standard","meta":{"footnotes":"","_share_on_mastodon":"0"},"categories":[82],"tags":[12,13,18,17,9923,16225,37999,86,7657,87,38000],"class_list":["post-101779","post","type-post","status-publish","format-standard","has-post-thumbnail","category-sante","tag-be","tag-be-fr","tag-belgique","tag-belgium","tag-camille-cerf","tag-conference-de-presse","tag-femme-actuelle","tag-health","tag-reine-de-beaute","tag-sante","tag-stephane-cardinale"],"share_on_mastodon":{"url":"https:\/\/pubeurope.com\/@be_fr\/116546159475680688","error":""},"_links":{"self":[{"href":"https:\/\/www.europesays.com\/be-fr\/wp-json\/wp\/v2\/posts\/101779","targetHints":{"allow":["GET"]}}],"collection":[{"href":"https:\/\/www.europesays.com\/be-fr\/wp-json\/wp\/v2\/posts"}],"about":[{"href":"https:\/\/www.europesays.com\/be-fr\/wp-json\/wp\/v2\/types\/post"}],"author":[{"embeddable":true,"href":"https:\/\/www.europesays.com\/be-fr\/wp-json\/wp\/v2\/users\/2"}],"replies":[{"embeddable":true,"href":"https:\/\/www.europesays.com\/be-fr\/wp-json\/wp\/v2\/comments?post=101779"}],"version-history":[{"count":0,"href":"https:\/\/www.europesays.com\/be-fr\/wp-json\/wp\/v2\/posts\/101779\/revisions"}],"wp:featuredmedia":[{"embeddable":true,"href":"https:\/\/www.europesays.com\/be-fr\/wp-json\/wp\/v2\/media\/101780"}],"wp:attachment":[{"href":"https:\/\/www.europesays.com\/be-fr\/wp-json\/wp\/v2\/media?parent=101779"}],"wp:term":[{"taxonomy":"category","embeddable":true,"href":"https:\/\/www.europesays.com\/be-fr\/wp-json\/wp\/v2\/categories?post=101779"},{"taxonomy":"post_tag","embeddable":true,"href":"https:\/\/www.europesays.com\/be-fr\/wp-json\/wp\/v2\/tags?post=101779"}],"curies":[{"name":"wp","href":"https:\/\/api.w.org\/{rel}","templated":true}]}}