{"id":105003,"date":"2026-05-12T18:02:17","date_gmt":"2026-05-12T18:02:17","guid":{"rendered":"https:\/\/www.europesays.com\/be-fr\/105003\/"},"modified":"2026-05-12T18:02:17","modified_gmt":"2026-05-12T18:02:17","slug":"hantavirus-a-lyon-un-cas-dans-le-rhone-en-2024-des-rats-infectes-au-parc-de-la-tete-dor","status":"publish","type":"post","link":"https:\/\/www.europesays.com\/be-fr\/105003\/","title":{"rendered":"Hantavirus \u00e0 Lyon. Un cas dans le Rh\u00f4ne en 2024, des rats infect\u00e9s au parc de la T\u00eate d&rsquo;Or"},"content":{"rendered":"<p>                    Par<\/p>\n<p>            <a href=\"https:\/\/actu.fr\/auteur\/anthony-soudani\" title=\"Consulter tous les articles de Anthony Soudani\" rel=\"nofollow noopener\" target=\"_blank\">Anthony Soudani<\/a><\/p>\n<p>        Publi\u00e9 le<\/p>\n<p>            12 mai 2026 \u00e0 18h04        <\/p>\n<p>L\u2019inqui\u00e9tude monte en France alors qu\u2019une patiente, qui faisait partie des cinq passagers fran\u00e7ais du navire de <a href=\"https:\/\/actu.fr\/ile-de-france\/paris_75056\/hantavirus-pourquoi-les-passagers-francais-du-mv-hondius-ont-ils-ete-hospitalises-a-paris-a-l-hopital-bichat_64251936.html\" rel=\"nofollow noopener\" target=\"_blank\">croisi\u00e8re MV Hondius<\/a>, est infect\u00e9e \u00e0 l\u2019<a href=\"https:\/\/actu.fr\/societe\/hantavirus-nombre-de-malades-confinement-des-cas-contacts-suivez-le-point-du-gouvernement-sur-la-situation-en-france_64257553.html\" rel=\"nofollow noopener\" target=\"_blank\">hantavirus<\/a> et hospitalis\u00e9e en r\u00e9animation \u00e0 <a href=\"https:\/\/actu.fr\/paris\/\" rel=\"nofollow noopener\" target=\"_blank\">Paris<\/a>. Cependant, ce n\u2019est pas la premi\u00e8re fois que le pays est confront\u00e9 \u00e0 des hantavirus.<\/p>\n<p class=\" wall-content\">En France hexagonale, de 2005 \u00e0 2024, 2 046 cas de fi\u00e8vres h\u00e9morragiques \u00e0 syndrome r\u00e9nal (FHSR) ont \u00e9t\u00e9 diagnostiqu\u00e9s par le Centre national de r\u00e9f\u00e9rence (CNR) des hantavirus (Institut Pasteur). Un patient infect\u00e9 a d\u2019ailleurs \u00e9t\u00e9 recens\u00e9 dans le Rh\u00f4ne il y a deux ans.<\/p>\n<p>Un cas d\u2019infection par le virus S\u00e9oul<\/p>\n<p class=\" wall-content\">Ce cas confirm\u00e9 remonte donc \u00e0 2024. Il s\u2019agit d\u2019un cas d\u2019infection par le virus S\u00e9oul. La souche d\u00e9tect\u00e9e chez ce patient est proche de souches circulant chez des rats sauvages captur\u00e9s \u00e0 <a href=\"https:\/\/actu.fr\/lyon\/\" rel=\"nofollow noopener\" target=\"_blank\">Lyon<\/a> au sein du parc de la T\u00eate d\u2019Or, d\u2019apr\u00e8s le site de <a href=\"https:\/\/www.santepubliquefrance.fr\/hantavirus\/donnees#:~:text=Seul%20le%20d%C3%A9partement%20du%20Rh%C3%B4ne,de%20la%20t%C3%AAte%20d&#039;Or.\" rel=\"nofollow noopener\" target=\"_blank\">Sant\u00e9 publique France<\/a>.\u00a0<\/p>\n<p class=\" wall-content\">Dans un article intitul\u00e9 \u00c9volution et caract\u00e9risation g\u00e9n\u00e9tique du virus de S\u00e9oul chez les rats sauvages Rattus norvegicus d\u2019un parc urbain \u00e0 Lyon, France (2020\u20132022), il est indiqu\u00e9 que le virus de S\u00e9oul (SEOV) est un orthohantavirus principalement port\u00e9 par les rats.<\/p>\n<p class=\" wall-content\">Chez l\u2019\u00eatre humain, il peut provoquer une fi\u00e8vre h\u00e9morragique avec syndrome r\u00e9nal (FHSR).\u00a0<\/p>\n<p>Des rats du parc de la T\u00eate d\u2019Or test\u00e9s positifs<\/p>\n<p class=\" wall-content\">L\u2019\u00e9tude explique : \u00ab\u00a0Nous avons r\u00e9alis\u00e9 une caract\u00e9risation s\u00e9rologique et mol\u00e9culaire compl\u00e8te du SEOV chez Rattus norvegicus dans un parc urbain tr\u00e8s fr\u00e9quent\u00e9 d\u2019une grande ville (Lyon, France), afin de fournir des informations essentielles \u00e0 la mise en place de strat\u00e9gies de surveillance du SEOV.\u00a0\u00bb<\/p>\n<p class=\" wall-content\">Les chercheurs ont \u00e9chantillonn\u00e9 des rats dans le parc de la T\u00eate d\u2019Or \u00e0 Lyon entre 2020 et 2022. \u00ab\u00a0Nous avons observ\u00e9 une faible structuration des populations de rats sauvages \u00e0 l\u2019\u00e9chelle de la ville de Lyon.\u00a0\u00bb<\/p>\n<p class=\" wall-content\">Un seul site d\u2019\u00e9chantillonnage dans le parc (un b\u00e2timent cr\u00e9\u00e9 en 2021) pr\u00e9sentait une forte diff\u00e9renciation g\u00e9n\u00e9tique et m\u00e9ritait une attention particuli\u00e8re. \u00ab\u00a0Nous avons confirm\u00e9 la circulation du SEOV chez les rats du parc avec une forte s\u00e9ropr\u00e9valence (17,2 %) et une forte similarit\u00e9 g\u00e9n\u00e9tique avec la souche pr\u00e9c\u00e9demment d\u00e9crite en 2011 dans la ville de Lyon.\u00a0\u00bb<\/p>\n<p>\u00ab\u00a0Une surveillance de ce virus pourrait constituer un syst\u00e8me d\u2019alerte\u00a0\u00bb<\/p>\n<p class=\" wall-content\">Cette \u00e9tude a permis de confirmer la circulation continue du virus de S\u00e9oul dans un parc urbain tr\u00e8s fr\u00e9quent\u00e9 o\u00f9 le risque de transmission \u00e0 l\u2019\u00eatre humain est pr\u00e9sent.<\/p>\n<p class=\" wall-content\">\u00ab\u00a0La mise en place d\u2019une surveillance de ce virus pourrait constituer un syst\u00e8me d\u2019alerte pr\u00e9coce efficace et aider \u00e0 pr\u00e9parer des interventions fond\u00e9es sur l\u2019\u00e9valuation des risques. \u00c9tant donn\u00e9 le flux g\u00e9n\u00e9tique important observ\u00e9 entre les populations de rats du parc et celles du reste de la ville, nous recommandons que la surveillance du SEOV soit men\u00e9e \u00e0 l\u2019\u00e9chelle de l\u2019ensemble de la ville\u00a0\u00bb, sugg\u00e9rait <a href=\"https:\/\/pubmed.ncbi.nlm.nih.gov\/38739651\/\" rel=\"nofollow noopener\" target=\"_blank\">l\u2019\u00e9tude publi\u00e9e en mai 2024<\/a>.<\/p>\n<p class=\" wall-content\">Personnalisez votre actualit\u00e9 en ajoutant vos villes et m\u00e9dias en favori avec <a href=\"https:\/\/moncompte.actu.fr\" title=\"D\u00e9couvez Mon Actu\" rel=\"nofollow noopener\" data-trk=\"{&quot;cta&quot;:{&quot;action&quot;:&quot;https:\\\/\\\/moncompte.actu.fr&quot;,&quot;category&quot;:&quot;mon compte&quot;,&quot;from&quot;:&quot;article footer&quot;,&quot;name&quot;:&quot;Mon actu&quot;,&quot;type&quot;:&quot;cta&quot;}}\" target=\"_blank\">Mon Actu<\/a>.<\/p>\n","protected":false},"excerpt":{"rendered":"Par Anthony Soudani Publi\u00e9 le 12 mai 2026 \u00e0 18h04 L\u2019inqui\u00e9tude monte en France alors qu\u2019une patiente, qui&hellip;\n","protected":false},"author":2,"featured_media":105004,"comment_status":"","ping_status":"","sticky":false,"template":"","format":"standard","meta":{"footnotes":"","_share_on_mastodon":"0"},"categories":[82],"tags":[12,13,18,17,4618,38453,86,38821,87,476],"class_list":["post-105003","post","type-post","status-publish","format-standard","has-post-thumbnail","category-sante","tag-be","tag-be-fr","tag-belgique","tag-belgium","tag-epidemie","tag-hantavirus","tag-health","tag-parc-de-la-tete-dor","tag-sante","tag-societe"],"share_on_mastodon":{"url":"https:\/\/pubeurope.com\/@be_fr\/116562922612143146","error":""},"_links":{"self":[{"href":"https:\/\/www.europesays.com\/be-fr\/wp-json\/wp\/v2\/posts\/105003","targetHints":{"allow":["GET"]}}],"collection":[{"href":"https:\/\/www.europesays.com\/be-fr\/wp-json\/wp\/v2\/posts"}],"about":[{"href":"https:\/\/www.europesays.com\/be-fr\/wp-json\/wp\/v2\/types\/post"}],"author":[{"embeddable":true,"href":"https:\/\/www.europesays.com\/be-fr\/wp-json\/wp\/v2\/users\/2"}],"replies":[{"embeddable":true,"href":"https:\/\/www.europesays.com\/be-fr\/wp-json\/wp\/v2\/comments?post=105003"}],"version-history":[{"count":0,"href":"https:\/\/www.europesays.com\/be-fr\/wp-json\/wp\/v2\/posts\/105003\/revisions"}],"wp:featuredmedia":[{"embeddable":true,"href":"https:\/\/www.europesays.com\/be-fr\/wp-json\/wp\/v2\/media\/105004"}],"wp:attachment":[{"href":"https:\/\/www.europesays.com\/be-fr\/wp-json\/wp\/v2\/media?parent=105003"}],"wp:term":[{"taxonomy":"category","embeddable":true,"href":"https:\/\/www.europesays.com\/be-fr\/wp-json\/wp\/v2\/categories?post=105003"},{"taxonomy":"post_tag","embeddable":true,"href":"https:\/\/www.europesays.com\/be-fr\/wp-json\/wp\/v2\/tags?post=105003"}],"curies":[{"name":"wp","href":"https:\/\/api.w.org\/{rel}","templated":true}]}}