{"id":105924,"date":"2026-05-13T14:06:10","date_gmt":"2026-05-13T14:06:10","guid":{"rendered":"https:\/\/www.europesays.com\/be-fr\/105924\/"},"modified":"2026-05-13T14:06:10","modified_gmt":"2026-05-13T14:06:10","slug":"cela-prend-a-peine-quelques-minutes-et-pourtant-cela-peut-eviter-40-000-deces-prematures-le-secours-tour-va-faire-etape-dans-le-gers","status":"publish","type":"post","link":"https:\/\/www.europesays.com\/be-fr\/105924\/","title":{"rendered":"\u00ab\u00a0Cela prend \u00e0 peine quelques minutes et pourtant cela peut \u00e9viter 40 000 d\u00e9c\u00e8s pr\u00e9matur\u00e9s\u00a0\u00bb : le Secours Tour va faire \u00e9tape dans le Gers"},"content":{"rendered":"<p>\n                                                                    l&rsquo;essentiel<br \/>\n                                                                Le Secours Tour fera \u00e9tape \u00e0 Saint-Clar (Gers), jeudi 11 juin, pour sensibiliser le public aux risques cardiovasculaires et aux gestes de premiers secours. Cette campagne de pr\u00e9vention port\u00e9e par la F\u00e9d\u00e9ration fran\u00e7aise de cardiologie ambitionne de sauver jusqu\u2019\u00e0 40 000 vies chaque ann\u00e9e.\n                            <\/p>\n<p>Jeudi 11 juin, le Secours Tour s\u2019installera \u00e0 Saint-Clar dans le cadre de sa tourn\u00e9e nationale d\u00e9di\u00e9e \u00e0 la pr\u00e9vention cardiovasculaire. Men\u00e9e par le Dr Quentin Estrade, cardiologue \u00e0 Castelnaudary et vice-pr\u00e9sident de la commission \u00ab\u00a0Secours Tour\u00a0\u00bb de la F\u00e9d\u00e9ration fran\u00e7aise de cardiologie (FFC), cette campagne entend sensibiliser le grand public aux maladies cardiovasculaires et aux gestes qui sauvent.<\/p>\n<p>Chaque ann\u00e9e en France, 50 000 personnes d\u00e9c\u00e8dent pr\u00e9matur\u00e9ment sans sympt\u00f4me d\u2019alerte, principalement \u00e0 cause d\u2019un accident vasculaire c\u00e9r\u00e9bral (AVC) ou d\u2019un infarctus du myocarde (IDM). Selon la FFC, pr\u00e8s de 80 % de ces d\u00e9c\u00e8s pourraient \u00eatre \u00e9vit\u00e9s gr\u00e2ce \u00e0 une meilleure pr\u00e9vention.<\/p>\n<p class=\"std-elt__inline\">\n        \u00c0 lire aussi :<br \/>\n        <a href=\"https:\/\/www.ladepeche.fr\/2024\/06\/13\/le-secours-tour-reprend-la-route-pour-prendre-soin-de-votre-coeur-12014256.php\" rel=\"nofollow noopener\" target=\"_blank\">Le Secours Tour reprend la route pour prendre soin de votre c\u0153ur<\/a>\n    <\/p>\n<p>Le Secours Tour propose ainsi un d\u00e9pistage gratuit des principaux facteurs de risque cardiovasculaires. En quelques minutes, les participants peuvent faire le point sur leur tension art\u00e9rielle, leur cholest\u00e9rol, le diab\u00e8te, le surpoids, l\u2019ob\u00e9sit\u00e9 ou encore le tabagisme. La campagne met \u00e9galement l\u2019accent sur l\u2019activit\u00e9 physique, la lutte contre la s\u00e9dentarit\u00e9 et les sp\u00e9cificit\u00e9s du c\u0153ur des femmes.<\/p>\n<p>\u00ab\u00a0Cela ne co\u00fbte rien, cela prend \u00e0 peine quelques minutes, pourtant cela peut \u00e9viter 40 000 d\u00e9c\u00e8s pr\u00e9matur\u00e9s\u00a0\u00bb, souligne le Dr Quentin Estrade. Le m\u00e9decin rappelle aussi l\u2019importance des gestes de premiers secours face \u00e0 un arr\u00eat cardiaque, chaque minute sans r\u00e9animation efficace r\u00e9duisant les chances de survie de 10 %.<\/p>\n<p class=\"std-elt__inline\">\n        \u00c0 lire aussi :<br \/>\n        <a href=\"https:\/\/www.ladepeche.fr\/2024\/07\/09\/la-prevention-est-un-levier-majeur-le-secours-tour-reprend-la-route-de-laveyron-pour-prendre-soin-du-coeur-12070734.php\" rel=\"nofollow noopener\" target=\"_blank\">\u00ab\u00a0La pr\u00e9vention est un levier majeur\u00a0\u00bb\u2026 le \u00ab\u00a0Secours tour\u00a0\u00bb reprend la route de l\u2019Aveyron pour prendre soin du c\u0153ur<\/a>\n    <\/p>\n<p>Au-del\u00e0 de la pr\u00e9vention, l\u2019initiative souhaite lutter contre les in\u00e9galit\u00e9s d\u2019acc\u00e8s aux soins. Le Secours Tour privil\u00e9gie notamment les territoires ruraux et les d\u00e9serts m\u00e9dicaux afin de rapprocher la pr\u00e9vention des populations les plus \u00e9loign\u00e9es du syst\u00e8me de sant\u00e9.<\/p>\n<p>Cette tourn\u00e9e nationale comptera 60 \u00e9tapes \u00e0 travers la France en 2026, avec l\u2019objectif de rendre la cardiologie pr\u00e9ventive accessible au plus grand nombre.<\/p>\n","protected":false},"excerpt":{"rendered":"l&rsquo;essentiel Le Secours Tour fera \u00e9tape \u00e0 Saint-Clar (Gers), jeudi 11 juin, pour sensibiliser le public aux risques&hellip;\n","protected":false},"author":2,"featured_media":105925,"comment_status":"","ping_status":"","sticky":false,"template":"","format":"standard","meta":{"footnotes":"","_share_on_mastodon":"0"},"categories":[82],"tags":[12,13,18,17,357,86,39065,87],"class_list":["post-105924","post","type-post","status-publish","format-standard","has-post-thumbnail","category-sante","tag-be","tag-be-fr","tag-belgique","tag-belgium","tag-gers","tag-health","tag-saintclar","tag-sante"],"share_on_mastodon":{"url":"https:\/\/pubeurope.com\/@be_fr\/116567656872346562","error":""},"_links":{"self":[{"href":"https:\/\/www.europesays.com\/be-fr\/wp-json\/wp\/v2\/posts\/105924","targetHints":{"allow":["GET"]}}],"collection":[{"href":"https:\/\/www.europesays.com\/be-fr\/wp-json\/wp\/v2\/posts"}],"about":[{"href":"https:\/\/www.europesays.com\/be-fr\/wp-json\/wp\/v2\/types\/post"}],"author":[{"embeddable":true,"href":"https:\/\/www.europesays.com\/be-fr\/wp-json\/wp\/v2\/users\/2"}],"replies":[{"embeddable":true,"href":"https:\/\/www.europesays.com\/be-fr\/wp-json\/wp\/v2\/comments?post=105924"}],"version-history":[{"count":0,"href":"https:\/\/www.europesays.com\/be-fr\/wp-json\/wp\/v2\/posts\/105924\/revisions"}],"wp:featuredmedia":[{"embeddable":true,"href":"https:\/\/www.europesays.com\/be-fr\/wp-json\/wp\/v2\/media\/105925"}],"wp:attachment":[{"href":"https:\/\/www.europesays.com\/be-fr\/wp-json\/wp\/v2\/media?parent=105924"}],"wp:term":[{"taxonomy":"category","embeddable":true,"href":"https:\/\/www.europesays.com\/be-fr\/wp-json\/wp\/v2\/categories?post=105924"},{"taxonomy":"post_tag","embeddable":true,"href":"https:\/\/www.europesays.com\/be-fr\/wp-json\/wp\/v2\/tags?post=105924"}],"curies":[{"name":"wp","href":"https:\/\/api.w.org\/{rel}","templated":true}]}}