{"id":107052,"date":"2026-05-14T13:11:17","date_gmt":"2026-05-14T13:11:17","guid":{"rendered":"https:\/\/www.europesays.com\/be-fr\/107052\/"},"modified":"2026-05-14T13:11:17","modified_gmt":"2026-05-14T13:11:17","slug":"la-sortie-dun-livre-relance-la-rumeur-dune-relation-entre-emmanuel-macron-et-golshifteh-farahani","status":"publish","type":"post","link":"https:\/\/www.europesays.com\/be-fr\/107052\/","title":{"rendered":"La sortie d&rsquo;un livre relance la rumeur d&rsquo;une relation entre Emmanuel Macron et Golshifteh Farahani"},"content":{"rendered":"<p>La sortie mercredi d&rsquo;un livre sur le couple Emmanuel et Brigitte Macron a relanc\u00e9 la rumeur d&rsquo;une relation entre le pr\u00e9sident fran\u00e7ais et l&rsquo;actrice iranienne Golshifteh Farahani.<\/p>\n<p>          <img decoding=\"async\" class=\"c-ad__placeholder__logo\" src=\"https:\/\/static.euronews.com\/website\/images\/logos\/logo-euronews-stacked-outlined-72x72-grey-9.svg\" width=\"72\" height=\"72\" alt=\"\" loading=\"lazy\"\/><br \/>\n          PUBLICIT\u00c9<\/p>\n<p>          <img decoding=\"async\" class=\"c-ad__placeholder__logo\" src=\"https:\/\/static.euronews.com\/website\/images\/logos\/logo-euronews-stacked-outlined-72x72-grey-9.svg\" width=\"72\" height=\"72\" alt=\"\" loading=\"lazy\"\/><br \/>\n          PUBLICIT\u00c9<\/p>\n<p>Selon le journaliste de Paris Match Florian Tardif, auteur du livre \u00ab\u00a0Un couple (presque) parfait\u00a0\u00bb, la gifle de la Premi\u00e8re dame re\u00e7ue par Emmanuel Macron lors de leur arriv\u00e9e \u00e0 Hano\u00ef, au Vietnam, en juin dernier, serait li\u00e9e \u00e0 cette suppos\u00e9e relation.<\/p>\n<p>Au micro d&rsquo;RTL, le journaliste affirme qu&rsquo;Emmanuel Macron et Golshifteh Farahani ont entretenu \u00ab\u00a0une relation platonique\u00a0\u00bb. \u00ab\u00a0C\u2019est ce que l\u2019on m\u2019a dit et r\u00e9p\u00e9t\u00e9 dans leur entourage\u00a0\u00bb, dit-il. Toujours selon Florian Tardif, le chef de l&rsquo;\u00c9tat aurait envoy\u00e9 le message \u00ab\u00a0Je vous trouve tr\u00e8s jolie\u00a0\u00bb \u00e0 l&rsquo;actrice. Ces messages \u00e9chang\u00e9s auraient entra\u00een\u00e9 des \u00ab\u00a0tensions au sein du couple\u00a0\u00bb conduisant \u00e0 cette sc\u00e8ne \u00e0 la sortie de l&rsquo;avion pr\u00e9sidentiel.<\/p>\n<p>Des proches de Brigitte Macron ont formellement d\u00e9menti cette version aupr\u00e8s du <a href=\"https:\/\/www.leparisien.fr\/politique\/lactrice-golshifteh-farahani-a-lorigine-de-la-gifle-de-brigitte-a-emmanuel-macron-lentourage-de-la-premiere-dame-dement-13-05-2026-QKYIX54POJBV7IUUZWWPVU2UYM.php\" target=\"_blank\" rel=\"noreferrer nofollow noopener\">Parisien<\/a> : \u00ab\u00a0Brigitte Macron a cat\u00e9goriquement d\u00e9menti ce r\u00e9cit aupr\u00e8s de l\u2019auteur directement, le 5 mars dernier, en pr\u00e9cisant qu\u2019elle ne regardait jamais dans le t\u00e9l\u00e9phone portable de son mari\u00a0\u00bb.<\/p>\n<p>\u00ab\u00a0Les rumeurs, il faut les laisser passer\u00a0\u00bb, dit Golshifteh Farahani<\/p>\n<p>L&rsquo;actrice iranienne s&rsquo;est plusieurs fois exprim\u00e9e dans les m\u00e9dias fran\u00e7ais sur le sujet depuis l&rsquo;apparition de la premi\u00e8re rumeur d&rsquo;une liaison avec Emmanuel Macron sur des comptes iraniens sur le r\u00e9seau social X. \u00ab\u00a0Elle vient par vagues, elle appara\u00eet, dispara\u00eet\u2026 Je regarde, j\u2019observe : qu\u2019est-ce que je peux faire ? \u00c7a ne m\u2019\u00e9nerve m\u00eame pas. \u00c0 quoi bon ?\u00a0\u00bb. \u00ab\u00a0La question, c\u2019est de savoir pourquoi les gens s\u2019int\u00e9ressent \u00e0 ce genre d\u2019histoire. Je pense qu\u2019il y a un manque d\u2019amour chez certains et qu\u2019ils ont besoin de cr\u00e9er de telles romances pour le combler\u00a0\u00bb, dit-elle encore.<\/p>\n<p>Elle a aussi expliqu\u00e9 qu\u2019elle avait pass\u00e9 de longs mois \u00e0 Vancouver puis en Amazonie, loin de Paris et de toute proximit\u00e9 suppos\u00e9e avec le chef de l\u2019\u00c9tat.<\/p>\n<p>R\u00e9fugi\u00e9e en France depuis 2008 apr\u00e8s avoir \u00e9t\u00e9 inqui\u00e9t\u00e9e en Iran pour son r\u00f4le dans Mensonges d\u2019\u00c9tat, Golshifteh Farahani rappelle r\u00e9guli\u00e8rement que son v\u00e9ritable combat se situe ailleurs. Depuis des ann\u00e9es, l&rsquo;actrice s\u2019engage pour la visibilit\u00e9 et la libert\u00e9 des Iraniennes.<\/p>\n","protected":false},"excerpt":{"rendered":"La sortie mercredi d&rsquo;un livre sur le couple Emmanuel et Brigitte Macron a relanc\u00e9 la rumeur d&rsquo;une relation&hellip;\n","protected":false},"author":2,"featured_media":107053,"comment_status":"","ping_status":"","sticky":false,"template":"","format":"standard","meta":{"footnotes":"","_share_on_mastodon":"0"},"categories":[8],"tags":[10,12,13,18,17,27958,2562,151,11],"class_list":["post-107052","post","type-post","status-publish","format-standard","has-post-thumbnail","category-actualites","tag-actualites","tag-be","tag-be-fr","tag-belgique","tag-belgium","tag-brigitte-macron","tag-emmanuel-macron","tag-france","tag-news"],"share_on_mastodon":{"url":"https:\/\/pubeurope.com\/@be_fr\/116573102922651015","error":""},"_links":{"self":[{"href":"https:\/\/www.europesays.com\/be-fr\/wp-json\/wp\/v2\/posts\/107052","targetHints":{"allow":["GET"]}}],"collection":[{"href":"https:\/\/www.europesays.com\/be-fr\/wp-json\/wp\/v2\/posts"}],"about":[{"href":"https:\/\/www.europesays.com\/be-fr\/wp-json\/wp\/v2\/types\/post"}],"author":[{"embeddable":true,"href":"https:\/\/www.europesays.com\/be-fr\/wp-json\/wp\/v2\/users\/2"}],"replies":[{"embeddable":true,"href":"https:\/\/www.europesays.com\/be-fr\/wp-json\/wp\/v2\/comments?post=107052"}],"version-history":[{"count":0,"href":"https:\/\/www.europesays.com\/be-fr\/wp-json\/wp\/v2\/posts\/107052\/revisions"}],"wp:featuredmedia":[{"embeddable":true,"href":"https:\/\/www.europesays.com\/be-fr\/wp-json\/wp\/v2\/media\/107053"}],"wp:attachment":[{"href":"https:\/\/www.europesays.com\/be-fr\/wp-json\/wp\/v2\/media?parent=107052"}],"wp:term":[{"taxonomy":"category","embeddable":true,"href":"https:\/\/www.europesays.com\/be-fr\/wp-json\/wp\/v2\/categories?post=107052"},{"taxonomy":"post_tag","embeddable":true,"href":"https:\/\/www.europesays.com\/be-fr\/wp-json\/wp\/v2\/tags?post=107052"}],"curies":[{"name":"wp","href":"https:\/\/api.w.org\/{rel}","templated":true}]}}