{"id":109322,"date":"2026-05-16T21:37:10","date_gmt":"2026-05-16T21:37:10","guid":{"rendered":"https:\/\/www.europesays.com\/be-fr\/109322\/"},"modified":"2026-05-16T21:37:10","modified_gmt":"2026-05-16T21:37:10","slug":"finale-de-leurovision-2026-revivez-la-prestation-de-la-candidate-belge-essyla-video","status":"publish","type":"post","link":"https:\/\/www.europesays.com\/be-fr\/109322\/","title":{"rendered":"Finale de l&rsquo;Eurovision 2026\u00a0: revivez la prestation de la candidate belge Essyla (VIDEO)"},"content":{"rendered":"<p class=\"ap-StoryElement ap-StoryElement--mb ap-StoryText\">Essyla a livr\u00e9 une prestation convaincante lors de cette finale de <a href=\"https:\/\/www.dhnet.be\/medias\/musique\/2026\/05\/16\/la-russie-bientot-de-retour-a-leurovision-le-patron-du-concours-cree-la-controverse-dans-une-interview-juste-avant-la-finale-66HULGW5VJC3JLHQ6G7I6W5L3E\/\" target=\"_self\" rel=\"nofollow noopener\">l&rsquo;Eurovision<\/a>. L&rsquo;artiste belge a fait un sans-faute sur \u00ab\u00a0Dancing on the Ice\u00a0\u00bb. Alice van Eesbeeck passait juste avant Isra\u00ebl, <a href=\"https:\/\/www.dhnet.be\/actu\/monde\/2026\/05\/16\/eurovision-2026-des-milliers-de-personnes-dans-les-rues-de-vienne-pour-denoncer-la-participation-disrael-pas-de-podium-pour-le-genocide-video-UQNV66ZWNFENDIMVMTXRVRKZYA\/\" target=\"_self\" rel=\"nofollow noopener\">pays dont la participation a fait pol\u00e9mique<\/a> et men\u00e9 plusieurs pays europ\u00e9ens \u00e0 se retirer du concours.<\/p>\n<p><a href=\"https:\/\/www.dhnet.be\/medias\/television\/2026\/05\/16\/direct-suivez-la-finale-de-leurovision-2026-sur-dh-be-7VYPU2JZJ5FOLG36XSEOPHKWRI\/\" target=\"_self\" class=\"ap-StoryInterstitialLink ap-StoryElement ap-StoryElement--mb\" rel=\"nofollow noopener\">DIRECT \u2013 Suivez la finale de l&rsquo;Eurovision 2026 en live: Essyla impressionne en 4e position<\/a><\/p>\n<p class=\"ap-StoryElement ap-StoryElement--mb ap-StoryText\">Cette place dans l&rsquo;ordre de la finale n&rsquo;est pas id\u00e9ale mais ne semble pas avoir d\u00e9stabilis\u00e9 notre candidate belge qui a livr\u00e9 une prestation au visuel \u00e9poustouflant. Si les bookmakers la placent avant-derni\u00e8re au classement, tout peut encore \u00eatre jou\u00e9 ce soir. Revivez la prestation de l&rsquo;ancienne participante de The Voice Belgique ci-dessous:<\/p>\n","protected":false},"excerpt":{"rendered":"Essyla a livr\u00e9 une prestation convaincante lors de cette finale de l&rsquo;Eurovision. L&rsquo;artiste belge a fait un sans-faute&hellip;\n","protected":false},"author":2,"featured_media":109323,"comment_status":"","ping_status":"","sticky":false,"template":"","format":"standard","meta":{"footnotes":"","_share_on_mastodon":"0"},"categories":[8],"tags":[10,12,13,18,17,39914,11],"class_list":["post-109322","post","type-post","status-publish","format-standard","has-post-thumbnail","category-actualites","tag-actualites","tag-be","tag-be-fr","tag-belgique","tag-belgium","tag-esc","tag-news"],"share_on_mastodon":{"url":"https:\/\/pubeurope.com\/@be_fr\/116586417037636988","error":""},"_links":{"self":[{"href":"https:\/\/www.europesays.com\/be-fr\/wp-json\/wp\/v2\/posts\/109322","targetHints":{"allow":["GET"]}}],"collection":[{"href":"https:\/\/www.europesays.com\/be-fr\/wp-json\/wp\/v2\/posts"}],"about":[{"href":"https:\/\/www.europesays.com\/be-fr\/wp-json\/wp\/v2\/types\/post"}],"author":[{"embeddable":true,"href":"https:\/\/www.europesays.com\/be-fr\/wp-json\/wp\/v2\/users\/2"}],"replies":[{"embeddable":true,"href":"https:\/\/www.europesays.com\/be-fr\/wp-json\/wp\/v2\/comments?post=109322"}],"version-history":[{"count":0,"href":"https:\/\/www.europesays.com\/be-fr\/wp-json\/wp\/v2\/posts\/109322\/revisions"}],"wp:featuredmedia":[{"embeddable":true,"href":"https:\/\/www.europesays.com\/be-fr\/wp-json\/wp\/v2\/media\/109323"}],"wp:attachment":[{"href":"https:\/\/www.europesays.com\/be-fr\/wp-json\/wp\/v2\/media?parent=109322"}],"wp:term":[{"taxonomy":"category","embeddable":true,"href":"https:\/\/www.europesays.com\/be-fr\/wp-json\/wp\/v2\/categories?post=109322"},{"taxonomy":"post_tag","embeddable":true,"href":"https:\/\/www.europesays.com\/be-fr\/wp-json\/wp\/v2\/tags?post=109322"}],"curies":[{"name":"wp","href":"https:\/\/api.w.org\/{rel}","templated":true}]}}