{"id":109792,"date":"2026-05-17T11:07:10","date_gmt":"2026-05-17T11:07:10","guid":{"rendered":"https:\/\/www.europesays.com\/be-fr\/109792\/"},"modified":"2026-05-17T11:07:10","modified_gmt":"2026-05-17T11:07:10","slug":"lenovo-lance-un-nouveau-thinkpad-14-pouces-avec-64-go-de-ram-et-un-stylet-integre","status":"publish","type":"post","link":"https:\/\/www.europesays.com\/be-fr\/109792\/","title":{"rendered":"Lenovo lance un nouveau ThinkPad 14 pouces avec 64 Go de RAM et un stylet int\u00e9gr\u00e9"},"content":{"rendered":"<p class=\"bodytext\">Toutefois, cela peut \u00eatre d\u00fb \u00e0 la configuration de d\u00e9part choisie par Lenovo. Actuellement, ces prix de d\u00e9part incluent 32 Go de RAM et 1 To de SSD, ainsi qu&rsquo;un <a href=\"http:\/\/www.notebookcheck.net\/Intel-Core-Ultra-5-325-Processor-Benchmarks-and-Specs.1196417.0.html\" target=\"_self\" rel=\"nofollow noopener\">Core Ultra 5 325<\/a> et un \u00e9cran IPS combinant une r\u00e9solution de 1200p avec une luminosit\u00e9 maximale de 400 nits, une couverture de l&rsquo;espace colorim\u00e9trique NTSC de 45 % et un taux de rafra\u00eechissement de 60 Hz. Il en va de m\u00eame pour le Royaume-Uni, o\u00f9 l&rsquo;ordinateur portable est vendu au prix de 1 999 \u00a3.<\/p>\n<p class=\"bodytext\">En revanche, Lenovo propose des options de configuration compl\u00e8tes en Australie. \u00c0 l&rsquo;heure o\u00f9 nous \u00e9crivons ces lignes, le ThinkPad T14s 2-en-1 Gen 2 est vendu \u00e0 partir de 3 349 AUD (~\u20ac2,059\/~$2,395) en Australie avec 16 Go de RAM, un SSD de 256 Go et le m\u00eame processeur Core Ultra 5 325. Les cinq autres processeurs Panther Lake suivants sont \u00e9galement disponibles : <\/p>\n<p>Core Ultra 5 335 vProCore Ultra 7 355Core Ultra 7 365 vProCore Ultra 7 356HCore Ultra 7 366H<\/p>\n<p class=\"bodytext\">De plus, le ThinkPad T14s 2-en-1 Gen 2 peut \u00eatre configur\u00e9 avec jusqu&rsquo;\u00e0 64 Go de RAM, mais uniquement avec un processeur Core Ultra 7 366H. Lenovo facture 6 489 AUD (~\u20ac3 990\/~$4 639) pour cette configuration, ce qui la rend 93,7% plus ch\u00e8re que la configuration de base de l&rsquo;ordinateur portable. Lenovo propose \u00e9galement des disques durs PCIe 5.0 de 512 Go, 1 To et 2 To, ainsi que quatre \u00e9crans IPS 1200p. Bien que les options les plus ch\u00e8res atteignent 500 nits avec une couverture \u00e0 100 % de l&rsquo;espace colorim\u00e9trique sRGB, toutes les dalles sont \u00e0 60 Hz. Pour plus d&rsquo;informations, veuillez consulter le site web de Lenovo \u00e0 l&rsquo;adresse <a href=\"https:\/\/www.lenovo.com\/au\/en\/p\/laptops\/thinkpad\/thinkpadt\/thinkpad-t14s-2-in-1-gen-2-14-inch-intel\/len101t0163\" target=\"_blank\" class=\"external-link-new-window\" rel=\"nofollow noopener\">https:\/\/www.lenovo.com\/au\/en\/p\/laptops\/thinkpad\/thinkpadt\/thinkpad-t14s-2-in-1-gen-2-14-inch-intel\/len101t0163<\/a> pour plus de d\u00e9tails.<\/p>\n","protected":false},"excerpt":{"rendered":"Toutefois, cela peut \u00eatre d\u00fb \u00e0 la configuration de d\u00e9part choisie par Lenovo. Actuellement, ces prix de d\u00e9part&hellip;\n","protected":false},"author":2,"featured_media":109793,"comment_status":"","ping_status":"","sticky":false,"template":"","format":"standard","meta":{"footnotes":"","_share_on_mastodon":"0"},"categories":[70],"tags":[12,13,18,17,1289,7739,7740,2911,10616,1285,3116,1287,1286,73,71,75,72,76,74,1288,13770,40033,40034],"class_list":["post-109792","post","type-post","status-publish","format-standard","has-post-thumbnail","category-sciences-et-technologies","tag-be","tag-be-fr","tag-belgique","tag-belgium","tag-informations-sur-des-ordinateurs-portatifs","tag-intel","tag-intel-panther-lake","tag-lenovo","tag-lenovo-thinkpad","tag-nouvelles","tag-panther-lake","tag-rapport","tag-revues","tag-science","tag-science-and-technology","tag-sciences","tag-sciences-et-technologies","tag-technologies","tag-technology","tag-test","tag-thinkpad-t14s","tag-thinkpad-t14s-2-en-1","tag-thinkpad-t14s-2-en-1-gen-2"],"share_on_mastodon":{"url":"https:\/\/pubeurope.com\/@be_fr\/116589602169787930","error":""},"_links":{"self":[{"href":"https:\/\/www.europesays.com\/be-fr\/wp-json\/wp\/v2\/posts\/109792","targetHints":{"allow":["GET"]}}],"collection":[{"href":"https:\/\/www.europesays.com\/be-fr\/wp-json\/wp\/v2\/posts"}],"about":[{"href":"https:\/\/www.europesays.com\/be-fr\/wp-json\/wp\/v2\/types\/post"}],"author":[{"embeddable":true,"href":"https:\/\/www.europesays.com\/be-fr\/wp-json\/wp\/v2\/users\/2"}],"replies":[{"embeddable":true,"href":"https:\/\/www.europesays.com\/be-fr\/wp-json\/wp\/v2\/comments?post=109792"}],"version-history":[{"count":0,"href":"https:\/\/www.europesays.com\/be-fr\/wp-json\/wp\/v2\/posts\/109792\/revisions"}],"wp:featuredmedia":[{"embeddable":true,"href":"https:\/\/www.europesays.com\/be-fr\/wp-json\/wp\/v2\/media\/109793"}],"wp:attachment":[{"href":"https:\/\/www.europesays.com\/be-fr\/wp-json\/wp\/v2\/media?parent=109792"}],"wp:term":[{"taxonomy":"category","embeddable":true,"href":"https:\/\/www.europesays.com\/be-fr\/wp-json\/wp\/v2\/categories?post=109792"},{"taxonomy":"post_tag","embeddable":true,"href":"https:\/\/www.europesays.com\/be-fr\/wp-json\/wp\/v2\/tags?post=109792"}],"curies":[{"name":"wp","href":"https:\/\/api.w.org\/{rel}","templated":true}]}}