{"id":110673,"date":"2026-05-18T10:13:18","date_gmt":"2026-05-18T10:13:18","guid":{"rendered":"https:\/\/www.europesays.com\/be-fr\/110673\/"},"modified":"2026-05-18T10:13:18","modified_gmt":"2026-05-18T10:13:18","slug":"mariage-surprise-entre-le-metropolitan-museum-et-la-neue-galerie","status":"publish","type":"post","link":"https:\/\/www.europesays.com\/be-fr\/110673\/","title":{"rendered":"Mariage surprise entre le Metropolitan Museum et la Neue Galerie"},"content":{"rendered":"<p>La collection du magnat des cosm\u00e9tiques Ronald Lauder, centr\u00e9e sur l\u2019art allemand et autrichien du XXe\u00a0si\u00e8cle, rejoindra le plus grand mus\u00e9e am\u00e9ricain \u00e0 l\u2019horizon 2028.<\/p>\n<p>Affichant une ambition renouvel\u00e9e d\u2019expansion, le Metropolitan Museum of Art a annonc\u00e9 le 14\u00a0mai\u00a0sa fusion avec le mus\u00e9e priv\u00e9 de Ronald S.\u00a0Lauder, le g\u00e9ant des cosm\u00e9tiques, la Neue Galerie, \u00e9galement situ\u00e9e sur la Cinqui\u00e8me Avenue. En 2028, le Metropolitan sera propri\u00e9taire \u00e0 la fois de la Neue Galerie, install\u00e9e dans un somptueux h\u00f4tel particulier de style Beaux-Arts situ\u00e9 \u00e0 quelques p\u00e2t\u00e9s de maisons, et de ses collections exceptionnelles d\u2019art, d\u2019arts d\u00e9coratifs et de design autrichiens et allemands du XXe\u00a0si\u00e8cle. La Neue Galerie, fond\u00e9e par Ronald Lauder\u00a0avec le marchand d\u2019art Serge Sabarsky et ouverte en 2001, a d\u00e9j\u00e0 accueilli plus de deux millions de visiteurs et est r\u00e9put\u00e9e pour la qualit\u00e9 de sa collection, qui compte notamment le Portrait d\u2019Adele Bloch-Bauer\u00a0I\u00a0r\u00e9alis\u00e9 par Gustav Klimt en 1907,\u00a0\u00ab\u00a0Joconde de la Neue Galerie\u00a0\u00bb\u00a0achet\u00e9e par Ronald Lauder\u00a0\u00e0 titre priv\u00e9 pour 135\u00a0millions de dollars en 2006. Une fois la fusion\u2026<\/p>\n","protected":false},"excerpt":{"rendered":"La collection du magnat des cosm\u00e9tiques Ronald Lauder, centr\u00e9e sur l\u2019art allemand et autrichien du XXe\u00a0si\u00e8cle, rejoindra le&hellip;\n","protected":false},"author":2,"featured_media":110674,"comment_status":"","ping_status":"","sticky":false,"template":"","format":"standard","meta":{"footnotes":"","_share_on_mastodon":"0"},"categories":[101],"tags":[126,124,125,12,13,18,17,127,96,95,40268,40267,4826,1884,40269],"class_list":["post-110673","post","type-post","status-publish","format-standard","has-post-thumbnail","category-arts-et-design","tag-arts","tag-arts-and-design","tag-arts-et-design","tag-be","tag-be-fr","tag-belgique","tag-belgium","tag-design","tag-divertissement","tag-entertainment","tag-max-hollein","tag-metropolitan-museum","tag-musees","tag-new-york","tag-ronald-lauder"],"share_on_mastodon":{"url":"https:\/\/pubeurope.com\/@be_fr\/116595052163032831","error":""},"_links":{"self":[{"href":"https:\/\/www.europesays.com\/be-fr\/wp-json\/wp\/v2\/posts\/110673","targetHints":{"allow":["GET"]}}],"collection":[{"href":"https:\/\/www.europesays.com\/be-fr\/wp-json\/wp\/v2\/posts"}],"about":[{"href":"https:\/\/www.europesays.com\/be-fr\/wp-json\/wp\/v2\/types\/post"}],"author":[{"embeddable":true,"href":"https:\/\/www.europesays.com\/be-fr\/wp-json\/wp\/v2\/users\/2"}],"replies":[{"embeddable":true,"href":"https:\/\/www.europesays.com\/be-fr\/wp-json\/wp\/v2\/comments?post=110673"}],"version-history":[{"count":0,"href":"https:\/\/www.europesays.com\/be-fr\/wp-json\/wp\/v2\/posts\/110673\/revisions"}],"wp:featuredmedia":[{"embeddable":true,"href":"https:\/\/www.europesays.com\/be-fr\/wp-json\/wp\/v2\/media\/110674"}],"wp:attachment":[{"href":"https:\/\/www.europesays.com\/be-fr\/wp-json\/wp\/v2\/media?parent=110673"}],"wp:term":[{"taxonomy":"category","embeddable":true,"href":"https:\/\/www.europesays.com\/be-fr\/wp-json\/wp\/v2\/categories?post=110673"},{"taxonomy":"post_tag","embeddable":true,"href":"https:\/\/www.europesays.com\/be-fr\/wp-json\/wp\/v2\/tags?post=110673"}],"curies":[{"name":"wp","href":"https:\/\/api.w.org\/{rel}","templated":true}]}}