{"id":110873,"date":"2026-05-18T13:46:13","date_gmt":"2026-05-18T13:46:13","guid":{"rendered":"https:\/\/www.europesays.com\/be-fr\/110873\/"},"modified":"2026-05-18T13:46:13","modified_gmt":"2026-05-18T13:46:13","slug":"critiques-contre-le-film-labandon-il-ny-a-pas-un-fait-qui-peut-etre-discute-dans-le-film-rappelle-gilbert-collard","status":"publish","type":"post","link":"https:\/\/www.europesays.com\/be-fr\/110873\/","title":{"rendered":"Critiques contre le film \u00abL\u2019Abandon\u00bb : \u00abIl n\u2019y a pas un fait qui peut \u00eatre discut\u00e9 dans le film \u00bb, rappelle Gilbert Collard"},"content":{"rendered":"<p class=\"dm_article-chapeau\">Gilbert Collard rappelle dans \u00ab\u00a0Christine Kelly et vous\u00a0\u00bb que le film \u00ab\u00a0L&rsquo;Abandon\u00a0\u00bb est factuel. L&rsquo;ex-avocat pointe \u00e9galement les \u00ab\u00a0r\u00e9actions rigolardes, vulgaires, de la gauche et de l&rsquo;extr\u00eame-gauche\u00a0\u00bb<\/p>\n<p>Une v\u00e9rit\u00e9 qui d\u00e9range ? Depuis sa projection, le film <a href=\"https:\/\/www.europe1.fr\/dossiers\/samuel-paty\" rel=\"nofollow noopener\" target=\"_blank\">L&rsquo;Abandon<\/a> est critiqu\u00e9 par une partie de la soci\u00e9t\u00e9 qui d\u00e9nonce un amalgame entre musulmans et islamistes. Des critiques qui font bondir de leur chaise les chroniqueurs de <a href=\"https:\/\/www.europe1.fr\/emissions\/christine-kelly-et-vous\" rel=\"nofollow noopener\" target=\"_blank\">Christine Kelly et vous<\/a> ce lundi, mais \u00e9galement Gilbert Collard.\u00a0<\/p>\n<p class=\"encart\">&gt;&gt; LIRE AUSSI &#8211;<a href=\"https:\/\/www.europe1.fr\/societe\/critique-du-streamer-grimkujow-sur-le-film-labandon-cest-une-insulte-a-la-memoire-de-samuel-paty-cest-une-nouvelle-mort-souligne-eric-revel-935579\" rel=\"nofollow noopener\" target=\"_blank\">Critique du streamer Grimkujow sur le film \u00abL\u2019Abandon\u00bb : \u00abC&rsquo;est une insulte \u00e0 la m\u00e9moire de Samuel Paty (&#8230;) c&rsquo;est une nouvelle mort\u00bb, souligne Eric Revel<\/a><\/p>\n<p>\u00ab\u00a0Il n&rsquo;y a pas un fait qui peut \u00eatre discut\u00e9 dans le film, tout est vrai\u00a0\u00bb, rappelle l&rsquo;ex-avocat. \u00ab\u00a0Il raconte comment un enseignant qui fait son m\u00e9tier d&rsquo;enseignant dans le cadre d&rsquo;un programme scolaire est victime du fanatisme islamique. On dit bien du fanatisme. Et comment l&rsquo;abandon dans lequel il va se retrouver l&rsquo;am\u00e8ne \u00e0 \u00eatre victime d&rsquo;une d\u00e9capitation [le 16 octobre 2020, ndlr].\u00a0\u00bb<\/p>\n<p>Pour l&rsquo;ex d\u00e9put\u00e9 RN, \u00ab\u00a0ce qui est absolument \u00e9c\u0153urant, ce sont les r\u00e9actions rigolardes, vulgaires, de la gauche et de l&rsquo;extr\u00eame-gauche, et du communautarisme radical. Il faut \u00eatre clair et dire les choses comme elles sont.\u00a0\u00bb \u00ab\u00a0Ce t\u00e9moignage d\u00e9range\u00a0\u00bb, affirme-t-il encore. \u00ab\u00a0Il d\u00e9range parce qu&rsquo;il montre la v\u00e9rit\u00e9 criminelle.\u00a0\u00bb<\/p>\n","protected":false},"excerpt":{"rendered":"Gilbert Collard rappelle dans \u00ab\u00a0Christine Kelly et vous\u00a0\u00bb que le film \u00ab\u00a0L&rsquo;Abandon\u00a0\u00bb est factuel. L&rsquo;ex-avocat pointe \u00e9galement les&hellip;\n","protected":false},"author":2,"featured_media":110874,"comment_status":"","ping_status":"","sticky":false,"template":"","format":"standard","meta":{"footnotes":"","_share_on_mastodon":"0"},"categories":[97],"tags":[12,13,18,17,96,95,106,105,25654],"class_list":["post-110873","post","type-post","status-publish","format-standard","has-post-thumbnail","category-films","tag-be","tag-be-fr","tag-belgique","tag-belgium","tag-divertissement","tag-entertainment","tag-films","tag-movies","tag-samuel-paty"],"share_on_mastodon":{"url":"https:\/\/pubeurope.com\/@be_fr\/116595889702868452","error":""},"_links":{"self":[{"href":"https:\/\/www.europesays.com\/be-fr\/wp-json\/wp\/v2\/posts\/110873","targetHints":{"allow":["GET"]}}],"collection":[{"href":"https:\/\/www.europesays.com\/be-fr\/wp-json\/wp\/v2\/posts"}],"about":[{"href":"https:\/\/www.europesays.com\/be-fr\/wp-json\/wp\/v2\/types\/post"}],"author":[{"embeddable":true,"href":"https:\/\/www.europesays.com\/be-fr\/wp-json\/wp\/v2\/users\/2"}],"replies":[{"embeddable":true,"href":"https:\/\/www.europesays.com\/be-fr\/wp-json\/wp\/v2\/comments?post=110873"}],"version-history":[{"count":0,"href":"https:\/\/www.europesays.com\/be-fr\/wp-json\/wp\/v2\/posts\/110873\/revisions"}],"wp:featuredmedia":[{"embeddable":true,"href":"https:\/\/www.europesays.com\/be-fr\/wp-json\/wp\/v2\/media\/110874"}],"wp:attachment":[{"href":"https:\/\/www.europesays.com\/be-fr\/wp-json\/wp\/v2\/media?parent=110873"}],"wp:term":[{"taxonomy":"category","embeddable":true,"href":"https:\/\/www.europesays.com\/be-fr\/wp-json\/wp\/v2\/categories?post=110873"},{"taxonomy":"post_tag","embeddable":true,"href":"https:\/\/www.europesays.com\/be-fr\/wp-json\/wp\/v2\/tags?post=110873"}],"curies":[{"name":"wp","href":"https:\/\/api.w.org\/{rel}","templated":true}]}}