{"id":112606,"date":"2026-05-20T00:40:10","date_gmt":"2026-05-20T00:40:10","guid":{"rendered":"https:\/\/www.europesays.com\/be-fr\/112606\/"},"modified":"2026-05-20T00:40:10","modified_gmt":"2026-05-20T00:40:10","slug":"koh-lanta-2026-quels-candidats-ont-ete-elimines-dans-lepisode-12-diffuse-ce-mardi-19-mai","status":"publish","type":"post","link":"https:\/\/www.europesays.com\/be-fr\/112606\/","title":{"rendered":"Koh-Lanta 2026 : Quels candidats ont \u00e9t\u00e9 \u00e9limin\u00e9s dans l&rsquo;\u00e9pisode 12 diffus\u00e9 ce mardi 19 mai ?"},"content":{"rendered":"<p>La semaine derni\u00e8re, le num\u00e9ro in\u00e9dit de <a href=\"https:\/\/www.programme-tv.net\/news\/tv\/397144-koh-lanta-les-reliques-du-destin-date-de-diffusion-candidats-nouvelles-regles-toutes-les-infos-sur-la-saison-2026\/\" data-api-deeplink=\"teleloisirs:\/\/news\/397144\" rel=\"nofollow noopener\" target=\"_blank\">Koh-Lanta, Les reliques du destin<\/a> se concluait sur un rebondissement de taille : alors qu&rsquo;elles avaient r\u00e9colt\u00e9 la totalit\u00e9 des votes, Jade et Lola unies par les destins li\u00e9s, tiraient la fameuse relique de l&rsquo;affrontement \u00e0 plusieurs. Ainsi, en plus du retour de <a href=\"https:\/\/www.programme-tv.net\/news\/tv\/401867-guillaume-elimine-de-koh-lanta-2026-les-filles-se-protegent-toutes-entre-elles\/\" data-api-deeplink=\"teleloisirs:\/\/news\/401867\" rel=\"nofollow noopener\" target=\"_blank\">Guillaume, alors le dernier \u00e9limin\u00e9 du conseil<\/a>, les deux femmes ont choisi, dans l&rsquo;\u00e9pisode du jour, Zakariya pour se joindre \u00e0 eux.<\/p>\n<p>Disput\u00e9e avant le jeu de confort, cette \u00e9preuve consistait \u00e0 empiler des pi\u00e8ces les unes sur les autres sur un plan inclin\u00e9 dans le but d&rsquo;en faire passer, le plus rapidement possible, deux de l&rsquo;autre c\u00f4t\u00e9. \u00c0 ce petit jeu, c&rsquo;est le revenant Guillaume qui l&rsquo;a emport\u00e9, gagnant un collier d&rsquo;immunit\u00e9 par la m\u00eame occasion. Imit\u00e9 quelques instants plus tard par <a href=\"https:\/\/www.programme-tv.net\/news\/tv\/401251-il-a-la-haine-contre-moi-zakariya-koh-lanta-2026-revient-sur-sa-trahison-envers-ulrich-lors-du-premier-conseil-de-la-reunification\/\" data-api-deeplink=\"teleloisirs:\/\/news\/401251\" rel=\"nofollow noopener\" target=\"_blank\">Zakariya<\/a>. <a href=\"https:\/\/www.programme-tv.net\/news\/tv\/402177-lola-koh-lanta-2026-revient-sur-son-elimination-je-le-vis-assez-mal-encore-maintenant\/\" data-api-deeplink=\"teleloisirs:\/\/news\/402177\" rel=\"nofollow noopener\" target=\"_blank\">Lola et Jade ne pouvaient plus se sauver<\/a> cette fois-ci.<\/p>\n<p>\u00ab\u00a0Cette relique n&rsquo;aura pas servi \u00e0 rien puisqu&rsquo;elle a permis de sauver Guillaume\u00a0\u00bb, <a href=\"https:\/\/www.programme-tv.net\/news\/tv\/402171-jade-eliminee-de-koh-lanta-2026-le-retour-en-suisse-a-ete-dur-j-ai-ete-super-malade\/\" data-api-deeplink=\"teleloisirs:\/\/news\/402171\" rel=\"nofollow noopener\" target=\"_blank\">tentait de relativiser la derni\u00e8re nomm\u00e9e<\/a>. Les deux ex-jaunes sont donc arriv\u00e9es \u00e0 la r\u00e9sidence du jury finale, au grand dam d&rsquo;Ulrich et de Paul. \u00ab\u00a0Je suis vraiment au bout de ma vie. Je suis d\u00e9go\u00fbt\u00e9 et triste pour elles\u00a0\u00bb, commentait d&rsquo;ailleurs le premier.<\/p>\n<p>Koh-Lanta 2026 : Voici le r\u00e9sum\u00e9 complet de l&rsquo;\u00e9pisode 12 diffus\u00e9 sur TF1 ce mardi 19 mai<\/p>\n<p>Bien avant que cette \u00e9preuve d\u00e9cisive ne se dispute, les membres de l&rsquo;ex-\u00e9quipe rouge devaient s&rsquo;expliquer \u00e0 la suite du pr\u00e9c\u00e9dent conseil lors duquel le pot aux roses ayant eu pour cons\u00e9quence <a href=\"https:\/\/www.programme-tv.net\/news\/tv\/401524-johan-elimine-de-koh-lanta-2026-j-avais-une-confiance-aveugle-en-clarisse-et-cindy\/\" data-api-deeplink=\"teleloisirs:\/\/news\/401524\" rel=\"nofollow noopener\" target=\"_blank\">l&rsquo;\u00e9limination de Johan<\/a> fut plus ou moins r\u00e9v\u00e9l\u00e9. Clarisse a utilis\u00e9 la technique de la \u00ab\u00a0faute avou\u00e9e, \u00e0 moiti\u00e9 pardonn\u00e9e\u00a0\u00bb, sans vraiment rentrer dans les d\u00e9tails de ce qu&rsquo;elle avait fait, alors que Cindy est rest\u00e9e silencieuse.<\/p>\n<p>Et m\u00eame si ces justifications pouvaient para\u00eetre un peu bancales, les ex-rouges ont d\u00e9cid\u00e9 de reprendre le chemin ensemble. \u00ab\u00a0Si on reste soud\u00e9s, on peut aller au bout\u00a0\u00bb, analysait Daniel. Une coh\u00e9sion retrouv\u00e9e qui ne leur a pas port\u00e9 chance puisqu&rsquo;aucun d&rsquo;entre eux n&rsquo;a remport\u00e9 l&rsquo;\u00e9preuve de confort, celle de la boue, puisque ce sont Cynthia et Hugo qui l&rsquo;ont emport\u00e9.<\/p>\n<p>\u00ab\u00a0Satisfaction d&rsquo;enfin gagner\u00a0\u00bb, soufflait Hugo, pendant que Cynthia continuait de prouver qu&rsquo;elle est une aventuri\u00e8re forte de cette saison. Revenus propres et apais\u00e9s de l&rsquo;escapade remport\u00e9e, les deux ex-jaunes ont ensuite retrouv\u00e9 Guillaume et \u00e9tablir un d\u00e9but de strat\u00e9gie. Et si prendre l&rsquo;immunit\u00e9 aurait pu les aider, c&rsquo;est Antonin qui s&rsquo;est impos\u00e9 lors de l&rsquo;\u00e9preuve de d\u00e9gustation \u00e0 laquelle s&rsquo;ajoutait le labyrinthe \u00e0 l&rsquo;aveugle.<\/p>\n<p>                        Koh-Lanta 2026 : Guillaume a tent\u00e9 une strat\u00e9gie\u2026 qui s&rsquo;est r\u00e9v\u00e9l\u00e9e \u00eatre catastrophique pour les ex-jaunes<\/p>\n<p>Dans l&rsquo;obligation de trouver des alli\u00e9s, Guillaume a tent\u00e9 un rapprochement avec Daniel. Mais alors que le doyen semblait plut\u00f4t r\u00e9ceptif au d\u00e9part, il a finalement d\u00e9cid\u00e9 de rester fid\u00e8le aux rouges. Pire encore pour les ex-jaunes, alors que Guillaume l&rsquo;avait mis au courant que Cynthia avait trouv\u00e9 un collier d&rsquo;immunit\u00e9, Daniel l&rsquo;a r\u00e9v\u00e9l\u00e9 \u00e0 ses ex-co\u00e9quipiers rouges malgr\u00e9 sa promesse de ne rien dire.<\/p>\n<p>Et donc, la victime collat\u00e9rale de ce secret confi\u00e9 un peu na\u00efvement, puis r\u00e9v\u00e9l\u00e9, fut Hugo, le seul ex-jaune \u00e0 ne pas \u00eatre prot\u00e9g\u00e9. \u00ab\u00a0\u00c7a fait tr\u00e8s mal, je suis d\u00e9sol\u00e9\u00a0\u00bb, lui a demand\u00e9 Guillaume. Le champion du monde de mangeur de moule a n\u00e9anmoins eu le flair : dans sa poterie r\u00e9cup\u00e9r\u00e9e dans l&rsquo;antre du destin, se trouvait le duel de riposte. On saura la semaine prochaine, contre qui il tentera sa chance.<\/p>\n<p>    <img decoding=\"async\" src=\"https:\/\/www.europesays.com\/be-fr\/wp-content\/uploads\/2026\/05\/1779237610_528_thumbnail.jpg\" alt=\"Lola et Jade, \u00e9limin\u00e9es dans l'\u00e9pisode 12 de &quot;Koh-Lanta&quot;, diffus\u00e9 mardi 19 mai 2026.\"\/><\/p>\n<p>        Lola et Jade, \u00e9limin\u00e9es dans l&rsquo;\u00e9pisode 12 de \u00ab\u00a0Koh-Lanta\u00a0\u00bb, diffus\u00e9 mardi 19 mai 2026.<br \/>\n        \u00a9Capture TF1<\/p>\n","protected":false},"excerpt":{"rendered":"La semaine derni\u00e8re, le num\u00e9ro in\u00e9dit de Koh-Lanta, Les reliques du destin se concluait sur un rebondissement de&hellip;\n","protected":false},"author":2,"featured_media":112607,"comment_status":"","ping_status":"","sticky":false,"template":"","format":"standard","meta":{"footnotes":"","_share_on_mastodon":"0"},"categories":[83],"tags":[12,13,18,17,118,1326,96,95,39362,1324,21683,39363,380],"class_list":["post-112606","post","type-post","status-publish","format-standard","has-post-thumbnail","category-divertissement","tag-be","tag-be-fr","tag-belgique","tag-belgium","tag-commentaire","tag-denis-brogniart","tag-divertissement","tag-entertainment","tag-jade-koh-lanta","tag-koh-lanta","tag-les-reliques-du-destin","tag-lola-koh-lanta","tag-tf1"],"share_on_mastodon":{"url":"https:\/\/pubeurope.com\/@be_fr\/116604123602144197","error":""},"_links":{"self":[{"href":"https:\/\/www.europesays.com\/be-fr\/wp-json\/wp\/v2\/posts\/112606","targetHints":{"allow":["GET"]}}],"collection":[{"href":"https:\/\/www.europesays.com\/be-fr\/wp-json\/wp\/v2\/posts"}],"about":[{"href":"https:\/\/www.europesays.com\/be-fr\/wp-json\/wp\/v2\/types\/post"}],"author":[{"embeddable":true,"href":"https:\/\/www.europesays.com\/be-fr\/wp-json\/wp\/v2\/users\/2"}],"replies":[{"embeddable":true,"href":"https:\/\/www.europesays.com\/be-fr\/wp-json\/wp\/v2\/comments?post=112606"}],"version-history":[{"count":0,"href":"https:\/\/www.europesays.com\/be-fr\/wp-json\/wp\/v2\/posts\/112606\/revisions"}],"wp:featuredmedia":[{"embeddable":true,"href":"https:\/\/www.europesays.com\/be-fr\/wp-json\/wp\/v2\/media\/112607"}],"wp:attachment":[{"href":"https:\/\/www.europesays.com\/be-fr\/wp-json\/wp\/v2\/media?parent=112606"}],"wp:term":[{"taxonomy":"category","embeddable":true,"href":"https:\/\/www.europesays.com\/be-fr\/wp-json\/wp\/v2\/categories?post=112606"},{"taxonomy":"post_tag","embeddable":true,"href":"https:\/\/www.europesays.com\/be-fr\/wp-json\/wp\/v2\/tags?post=112606"}],"curies":[{"name":"wp","href":"https:\/\/api.w.org\/{rel}","templated":true}]}}