{"id":112662,"date":"2026-05-20T02:34:17","date_gmt":"2026-05-20T02:34:17","guid":{"rendered":"https:\/\/www.europesays.com\/be-fr\/112662\/"},"modified":"2026-05-20T02:34:17","modified_gmt":"2026-05-20T02:34:17","slug":"koh-lanta-2026-voici-la-date-de-diffusion-de-lepreuve-dorientation","status":"publish","type":"post","link":"https:\/\/www.europesays.com\/be-fr\/112662\/","title":{"rendered":"Koh-Lanta 2026 : Voici la date de diffusion de l&rsquo;\u00e9preuve d\u2019orientation !"},"content":{"rendered":"<p>Lanc\u00e9e le 3 mars dernier, cette \u00e9dition de Koh-Lanta, Les Reliques du destin s&rsquo;approche de son d\u00e9nouement. Avant les poteaux, les aventuriers encore en lice vont s&rsquo;affronter sur l&rsquo;\u00e9preuve d&rsquo;orientation. Voici la date \u00e0 laquelle sera diffus\u00e9e cette \u00e9preuve tr\u00e8s attendue.<\/p>\n<p>Les aventuriers encore en lice de <a href=\"https:\/\/www.programme-tv.net\/news\/tv\/397144-koh-lanta-les-reliques-du-destin-date-de-diffusion-candidats-nouvelles-regles-toutes-les-infos-sur-la-saison-2026\/\" data-api-deeplink=\"teleloisirs:\/\/news\/397144\" rel=\"nofollow noopener\" target=\"_blank\">Koh-Lanta, Les reliques du destin<\/a> ont tous cet objectif en ligne de mire. Avant la mythique \u00e9preuve des poteaux, ils s&rsquo;affronteront sur la course d&rsquo;orientation. Pendant des heures, les finalistes du jeu de TF1 anim\u00e9 par <a href=\"https:\/\/www.programme-tv.net\/biographie\/4383-brogniart-denis\/\" data-link-people=\"2580c48c-1b4f-411c-8ab6-8f62dfe1f8ca\" rel=\"nofollow noopener\" target=\"_blank\">Denis Brogniart<\/a> devront d\u00e9nicher dans la for\u00eat un poignard leur permettant de d\u00e9crocher un ticket pour leur dernier jour de survie.<\/p>\n<p>Apr\u00e8s une saison lanc\u00e9e le 3 mars, l&rsquo;\u00e9preuve de l&rsquo;orientation sera diffus\u00e9e le mardi 2 juin sur TF1 \u00e0 21h10. Un d\u00e9fi pour les corps affaiblis des candidats par des jours de privation, lors duquel les surprises sont l\u00e9gion. Comme en 2012, <a href=\"https:\/\/www.programme-tv.net\/news\/tv\/381362-koh-lanta-ce-jour-ou-un-candidat-a-trouve-un-poignard-pendant-l-epreuve-d-orientation-et-l-a-donne-a-un-concurrent\/\" data-api-deeplink=\"teleloisirs:\/\/news\/381362\" rel=\"nofollow noopener\" target=\"_blank\">lorsque Philippe a offert son poignard \u00e0 sa concurrente Vanessa<\/a> parce que cette derni\u00e8re l&rsquo;avait aid\u00e9 \u00e0 se servir de sa boussole. Dans L&rsquo;\u00cele des h\u00e9ros, en 2020, Alexandra avait termin\u00e9 l\u2019\u00e9preuve sur un brancard,<a href=\"https:\/\/www.programme-tv.net\/news\/tv\/255443-evacuee-de-koh-lanta-alexandra-devoile-ce-qui-sest-reellement-passe-et-revient-sur-son-aventure\/\" data-api-deeplink=\"teleloisirs:\/\/news\/255443\" rel=\"nofollow noopener\" target=\"_blank\"> \u00e0 la suite d&rsquo;un malaise.<\/a><\/p>\n<p>                        Koh-Lanta : qui avait remport\u00e9 l&rsquo;\u00e9preuve d&rsquo;orientation la saison derni\u00e8re ?<\/p>\n<p>L&rsquo;an pass\u00e9, ils \u00e9taient cinq \u00e0 courir apr\u00e8s les quatre poignards diss\u00e9min\u00e9s par la production : Claire, Ga\u00eblle, J\u00e9r\u00f4me des Landes, Ma\u00ebl et J\u00e9r\u00f4me le Catalan. Ce dernier avait marqu\u00e9 les t\u00e9l\u00e9spectateurs <a href=\"https:\/\/www.programme-tv.net\/news\/tv\/381252-jerome-des-landes-koh-lanta-2025-revient-sur-son-incroyable-coup-de-bluff-pendant-l-epreuve-d-orientation-le-plus-dur-c-etait\/\" data-api-deeplink=\"teleloisirs:\/\/news\/381252\" rel=\"nofollow noopener\" target=\"_blank\">en simulant avoir trouv\u00e9 le Graal<\/a> pour \u00e9loigner l&rsquo;une de ses concurrentes.<\/p>\n<p>C&rsquo;est finalement J\u00e9r\u00f4me le Catalan qui avait remport\u00e9 cette \u00e9preuve en seulement 50 minutes. Mais le candidat qui \u00e9tait derri\u00e8re le plus grand coup de bluff de l&rsquo;histoire de Koh-Lanta avait tr\u00e9buch\u00e9 sur les poteaux. C&rsquo;est finalement Ga\u00eblle qui avait remport\u00e9 cette \u00e9dition, La revanche des 4 terres<\/p>\n<p>Koh-Lanta, Les Reliques du destin : trois candidats pourraient \u00eatre \u00e9limin\u00e9s ce mardi 19 mai<\/p>\n<p>Le suspense \u00e9tait de taille dans l&rsquo;\u00e9pisode de Koh-Lanta des destins li\u00e9s diffus\u00e9 le 12 mai dernier. Si le bin\u00f4me form\u00e9 par Lola et Jade<a href=\"https:\/\/www.programme-tv.net\/news\/tv\/402133-lola-koh-lanta-2026-ironise-sur-son-binome-avec-jade-aux-destins-lies-jetais-degoutee-detre-avec-elle\/\" data-api-deeplink=\"teleloisirs:\/\/news\/402133\" rel=\"nofollow noopener\" target=\"_blank\"> a r\u00e9colt\u00e9 le plus de voix<\/a>, elles sont revenues avec la relique de l&rsquo;affrontement \u00e0 plusieurs. En plus de Guillaume, <a href=\"https:\/\/www.programme-tv.net\/news\/tv\/401867-guillaume-elimine-de-koh-lanta-2026-les-filles-se-protegent-toutes-entre-elles\/\" data-api-deeplink=\"teleloisirs:\/\/news\/401867\" rel=\"nofollow noopener\" target=\"_blank\">le dernier \u00e9limin\u00e9<\/a>, les deux aventuri\u00e8res choisiront un participant encore en lice pour disputer une \u00e9preuve.<\/p>\n<p>Certains internautes pensent avoir devin\u00e9 en regardant la bande-annonce de l&rsquo;\u00e9mission <a href=\"https:\/\/www.programme-tv.net\/news\/tv\/402237-koh-lanta-2026-le-choix-de-jade-et-lola-spoile-par-tf1-les-fans-pointent-du-doigt-le-teaser-du-prochain-episode\/\" data-api-deeplink=\"teleloisirs:\/\/news\/402237\" rel=\"nofollow noopener\" target=\"_blank\">qu&rsquo;il s&rsquo;agirait de Zakariya<\/a>. \u00c0 l&rsquo;issue de ce d\u00e9fi, deux d&rsquo;entre eux seront d\u00e9finitivement \u00e9limin\u00e9s et rejoindront la r\u00e9sidence du jury final. Enfin, \u00e0 l&rsquo;issue du conseil, un troisi\u00e8me candidat devrait \u00eatre \u00e9limin\u00e9. \u00c0 moins que les reliques s\u00e8ment la zizanie \u00e0 nouveau.<\/p>\n","protected":false},"excerpt":{"rendered":"Lanc\u00e9e le 3 mars dernier, cette \u00e9dition de Koh-Lanta, Les Reliques du destin s&rsquo;approche de son d\u00e9nouement. Avant&hellip;\n","protected":false},"author":2,"featured_media":112663,"comment_status":"","ping_status":"","sticky":false,"template":"","format":"standard","meta":{"footnotes":"","_share_on_mastodon":"0"},"categories":[99],"tags":[12,13,18,17,118,96,95,39362,1324,20348,21683,39363,112,380,1449,40838],"class_list":["post-112662","post","type-post","status-publish","format-standard","has-post-thumbnail","category-television","tag-be","tag-be-fr","tag-belgique","tag-belgium","tag-commentaire","tag-divertissement","tag-entertainment","tag-jade-koh-lanta","tag-koh-lanta","tag-koh-lanta-1968915","tag-les-reliques-du-destin","tag-lola-koh-lanta","tag-television","tag-tf1","tag-tl-story","tag-zakariya-koh-lanta"],"share_on_mastodon":{"url":"https:\/\/pubeurope.com\/@be_fr\/116604571695171723","error":""},"_links":{"self":[{"href":"https:\/\/www.europesays.com\/be-fr\/wp-json\/wp\/v2\/posts\/112662","targetHints":{"allow":["GET"]}}],"collection":[{"href":"https:\/\/www.europesays.com\/be-fr\/wp-json\/wp\/v2\/posts"}],"about":[{"href":"https:\/\/www.europesays.com\/be-fr\/wp-json\/wp\/v2\/types\/post"}],"author":[{"embeddable":true,"href":"https:\/\/www.europesays.com\/be-fr\/wp-json\/wp\/v2\/users\/2"}],"replies":[{"embeddable":true,"href":"https:\/\/www.europesays.com\/be-fr\/wp-json\/wp\/v2\/comments?post=112662"}],"version-history":[{"count":0,"href":"https:\/\/www.europesays.com\/be-fr\/wp-json\/wp\/v2\/posts\/112662\/revisions"}],"wp:featuredmedia":[{"embeddable":true,"href":"https:\/\/www.europesays.com\/be-fr\/wp-json\/wp\/v2\/media\/112663"}],"wp:attachment":[{"href":"https:\/\/www.europesays.com\/be-fr\/wp-json\/wp\/v2\/media?parent=112662"}],"wp:term":[{"taxonomy":"category","embeddable":true,"href":"https:\/\/www.europesays.com\/be-fr\/wp-json\/wp\/v2\/categories?post=112662"},{"taxonomy":"post_tag","embeddable":true,"href":"https:\/\/www.europesays.com\/be-fr\/wp-json\/wp\/v2\/tags?post=112662"}],"curies":[{"name":"wp","href":"https:\/\/api.w.org\/{rel}","templated":true}]}}