{"id":112872,"date":"2026-05-20T08:09:08","date_gmt":"2026-05-20T08:09:08","guid":{"rendered":"https:\/\/www.europesays.com\/be-fr\/112872\/"},"modified":"2026-05-20T08:09:08","modified_gmt":"2026-05-20T08:09:08","slug":"au-nom-de-la-liberte-pedagogique-le-gouvernement-nimpose-pas-mais-encourage-a-voir-le-film-sur-samuel-paty","status":"publish","type":"post","link":"https:\/\/www.europesays.com\/be-fr\/112872\/","title":{"rendered":"Au nom de la libert\u00e9 p\u00e9dagogique, le gouvernement n\u2019impose pas mais \u00ab encourage \u00bb \u00e0 voir le film sur Samuel Paty"},"content":{"rendered":"<p>\n    R\u00e9alis\u00e9 par Vincent Garenq, L\u2019Abandon retrace les dix jours durant lesquels le professeur Paty a subi une vague de haine. L\u2019\u00e9quipe du film a pr\u00e9par\u00e9 un projet p\u00e9dagogique qui sera mis \u00e0 disposition des enseignants qui souhaitent l\u2019utiliser.<\/p>\n<p class=\"fig-paragraph\">Le gouvernement \u00ab\u00a0encourage\u00a0\u00bb \u00e0 voir\u00a0<a href=\"http:\/\/www.lefigaro.fr\/festival-de-cannes\/notre-critique-de-l-abandon-le-meilleur-du-cinema-pour-rendre-hommage-a-samuel-paty-20260513\" target=\"_blank\" data-fig-type=\"Article\" rel=\"noopener nofollow\" data-gtm-custom-categorie=\"navigation\" data-gtm-custom-action=\"crossclick\" data-gtm-custom-label=\"Contextuel\" data-gtm-event=\"customEventSPE\" data-fig-domain=\"LEFIGARO\">L&rsquo;Abandon, film sur l&rsquo;assassinat de Samuel Paty en 2020<\/a>, mais ne souhaite pas \u00ab\u00a0obliger\u00a0\u00bb les \u00e9l\u00e8ves ou les enseignants \u00e0 \u00ab\u00a0au nom\u00a0\u00bb de la \u00ab\u00a0libert\u00e9 p\u00e9dagogique\u00a0\u00bb, selon la ministre d\u00e9l\u00e9gu\u00e9e \u00e0 l&rsquo;enseignement professionnel, Sabrina Roubache. \u00ab\u00a0L&rsquo;\u00e9quipe du film a pr\u00e9par\u00e9 un projet p\u00e9dagogique qui est en cours de travail au sein de l&rsquo;\u00c9ducation nationale, afin d&rsquo;\u00eatre mis \u00e0 disposition des professeurs qui souhaiteront l&rsquo;utiliser pour accompagner leurs \u00e9l\u00e8ves\u00a0\u00bb, a rapport\u00e9\u00a0<a href=\"http:\/\/www.lefigaro.fr\/politique\/remaniement-le-retour-inattendu-de-sabrina-roubache-au-gouvernement-pres-de-deux-ans-apres-sa-defaite-aux-legislatives-20260226\" target=\"_blank\" data-fig-type=\"Article\" rel=\"noopener nofollow\" data-gtm-custom-categorie=\"navigation\" data-gtm-custom-action=\"crossclick\" data-gtm-custom-label=\"Contextuel\" data-gtm-event=\"customEventSPE\" data-fig-domain=\"LEFIGARO\">Sabrina Roubache<\/a>, \u00e0 l&rsquo;Assembl\u00e9e nationale.<\/p>\n<p class=\"fig-paragraph\">\u00ab\u00a0La libert\u00e9 p\u00e9dagogique est un tr\u00e9sor. C&rsquo;est cette libert\u00e9 que d\u00e9fendait Samuel Paty et c&rsquo;est celle de chaque enseignant. C&rsquo;est au nom de cette libert\u00e9 p\u00e9dagogique qui s&rsquo;impose \u00e0 nous qu&rsquo;il convient d&rsquo;encourager \u00e0 aller voir ce film, mais non de l&rsquo;obliger\u00a0\u00bb, a-t-elle ajout\u00e9. Selon elle, le\u00a0<a href=\"http:\/\/www.lefigaro.fr\/culture\/film-pour-l-extreme-droite-les-musulmans-se-font-taper-dessus-a-cannes-plusieurs-streamers-fustigent-l-abandon-sur-samuel-paty-20260517\" target=\"_blank\" data-fig-type=\"NewsFlash\" rel=\"noopener nofollow\" data-gtm-custom-categorie=\"navigation\" data-gtm-custom-action=\"crossclick\" data-gtm-custom-label=\"Contextuel\" data-gtm-event=\"customEventSPE\" data-fig-domain=\"LEFIGARO\">film r\u00e9alis\u00e9 par Vincent Garenq, sorti le 13 mai<\/a>, \u00ab\u00a0a le m\u00e9rite rare de la justesse de ton\u00a0\u00bb et \u00ab\u00a0retrace de mani\u00e8re rigoureuse et \u00e9quilibr\u00e9e l&rsquo;engrenage d\u00e9l\u00e9t\u00e8re et progressif qui a conduit \u00e0 cet attentat terroriste islamiste\u00a0\u00bb. \u00ab\u00a0Il documente, il explique sans jamais c\u00e9der ni \u00e0 la simplification ni \u00e0 la complaisance\u00a0\u00bb, a-t-elle soutenu. Elle \u00e9tait interrog\u00e9e par le d\u00e9put\u00e9 Matthieu Bloch (UDR), qui a affirm\u00e9 que sur les r\u00e9seaux sociaux et dans les lyc\u00e9es \u00ab\u00a0on observe le m\u00eame refus de regarder la menace islamiste en face\u00a0\u00bb.<\/p>\n<p>                                            <a class=\"fig-a11y-skip\" href=\"#fig-a11y-skip-main-inarticle\" is=\"fig-a11y-skip\" data-trigger-mode=\"visible-once\"><br \/>\n    Passer la publicit\u00e9<br \/>\n<\/a>            <\/p>\n<p class=\"fig-paragraph\">Le film retrace les dix jours d&rsquo;octobre 2020 pendant lesquels ce professeur d&rsquo;histoire-g\u00e9ographie est emport\u00e9 par une campagne de haine aliment\u00e9e par le mensonge d&rsquo;une \u00e9l\u00e8ve, apr\u00e8s un cours o\u00f9 avaient \u00e9t\u00e9 montr\u00e9es les caricatures de Mahomet publi\u00e9es dans Charlie Hebdo. Cette cabale a d\u00e9bouch\u00e9 sur son assassinat par un jeune Tch\u00e9tch\u00e8ne radicalis\u00e9 le 16 octobre 2020. Inertie des institutions acad\u00e9miques et polici\u00e8res, d\u00e9saveu de certains coll\u00e8gues&#8230; Le\u00a0<a href=\"http:\/\/www.lefigaro.fr\/vox\/societe\/didier-lemaire-apres-l-abandon-de-samuel-paty-le-temps-est-venu-de-se-pencher-sur-les-responsabilites-politiques-20260519\" target=\"_blank\" data-fig-type=\"Article\" rel=\"noopener nofollow\" data-gtm-custom-categorie=\"navigation\" data-gtm-custom-action=\"crossclick\" data-gtm-custom-label=\"Contextuel\" data-gtm-event=\"customEventSPE\" data-fig-domain=\"LEFIGARO\">film d\u00e9crit l&rsquo;isolement croissant<\/a>\u00a0de Samuel Paty \u00e0 mesure que grandit la campagne en ligne l&rsquo;accusant, \u00e0 tort, d&rsquo;avoir stigmatis\u00e9 des \u00e9l\u00e8ves musulmans.<\/p>\n<p class=\"fig-body-link\">\n            \u00c0 lire aussi<br \/>\n        <a class=\"fig-body-link__link fig-premium-mark\" href=\"http:\/\/www.lefigaro.fr\/vox\/culture\/david-lisnard-pourquoi-il-etait-important-que-le-film-l-abandon-sur-samuel-paty-soit-projete-a-cannes-20260513\" target=\"_blank\" data-fig-type=\"Article\" rel=\"noopener nofollow\" data-gtm-custom-categorie=\"navigation\" data-gtm-custom-action=\"crossclick\" data-gtm-custom-label=\"Contextuel\" data-gtm-event=\"customEventSPE\" data-fig-domain=\"LEFIGARO\"><br \/>\n                David Lisnard\u00a0: \u00abPourquoi il \u00e9tait important que le film L\u2019Abandon, sur Samuel Paty, soit projet\u00e9 \u00e0 Cannes\u00bb<br \/>\n    <\/a>\n<\/p>\n<p class=\"fig-paragraph\">Interrog\u00e9e par ailleurs sur la\u00a0<a href=\"http:\/\/www.lefigaro.fr\/vox\/societe\/jean-louis-thieriot-pantheoniser-samuel-paty-c-est-honorer-l-heroisme-des-humbles-20260518\" target=\"_blank\" data-fig-type=\"Article\" rel=\"noopener nofollow\" data-gtm-custom-categorie=\"navigation\" data-gtm-custom-action=\"crossclick\" data-gtm-custom-label=\"Contextuel\" data-gtm-event=\"customEventSPE\" data-fig-domain=\"LEFIGARO\">possibilit\u00e9 de faire entrer au Panth\u00e9on Samuel Paty<\/a>, Sabrina Roubache a redit que \u00ab\u00a0cela pose la question de la forme la plus juste pour honorer sa m\u00e9moire\u00a0\u00bb. \u00ab\u00a0Ce qui est certain, c&rsquo;est que Samuel Paty ne doit jamais \u00eatre oubli\u00e9 et que la nation lui doit une reconnaissance \u00e0 la mesure de son martyr\u00a0\u00bb, a-t-elle d\u00e9clar\u00e9. Une p\u00e9tition en ligne pour la panth\u00e9onisation de l&rsquo;enseignant a recueilli 55\u00a0000 signatures \u00e0 ce jour.<\/p>\n","protected":false},"excerpt":{"rendered":"R\u00e9alis\u00e9 par Vincent Garenq, L\u2019Abandon retrace les dix jours durant lesquels le professeur Paty a subi une vague&hellip;\n","protected":false},"author":2,"featured_media":112873,"comment_status":"","ping_status":"","sticky":false,"template":"","format":"standard","meta":{"footnotes":"","_share_on_mastodon":"0"},"categories":[83],"tags":[12,13,18,17,96,40912,95,1294,442,25654],"class_list":["post-112872","post","type-post","status-publish","format-standard","has-post-thumbnail","category-divertissement","tag-be","tag-be-fr","tag-belgique","tag-belgium","tag-divertissement","tag-education-nationale","tag-entertainment","tag-festival-de-cannes","tag-film","tag-samuel-paty"],"share_on_mastodon":{"url":"https:\/\/pubeurope.com\/@be_fr\/116605889203934540","error":""},"_links":{"self":[{"href":"https:\/\/www.europesays.com\/be-fr\/wp-json\/wp\/v2\/posts\/112872","targetHints":{"allow":["GET"]}}],"collection":[{"href":"https:\/\/www.europesays.com\/be-fr\/wp-json\/wp\/v2\/posts"}],"about":[{"href":"https:\/\/www.europesays.com\/be-fr\/wp-json\/wp\/v2\/types\/post"}],"author":[{"embeddable":true,"href":"https:\/\/www.europesays.com\/be-fr\/wp-json\/wp\/v2\/users\/2"}],"replies":[{"embeddable":true,"href":"https:\/\/www.europesays.com\/be-fr\/wp-json\/wp\/v2\/comments?post=112872"}],"version-history":[{"count":0,"href":"https:\/\/www.europesays.com\/be-fr\/wp-json\/wp\/v2\/posts\/112872\/revisions"}],"wp:featuredmedia":[{"embeddable":true,"href":"https:\/\/www.europesays.com\/be-fr\/wp-json\/wp\/v2\/media\/112873"}],"wp:attachment":[{"href":"https:\/\/www.europesays.com\/be-fr\/wp-json\/wp\/v2\/media?parent=112872"}],"wp:term":[{"taxonomy":"category","embeddable":true,"href":"https:\/\/www.europesays.com\/be-fr\/wp-json\/wp\/v2\/categories?post=112872"},{"taxonomy":"post_tag","embeddable":true,"href":"https:\/\/www.europesays.com\/be-fr\/wp-json\/wp\/v2\/tags?post=112872"}],"curies":[{"name":"wp","href":"https:\/\/api.w.org\/{rel}","templated":true}]}}