{"id":113132,"date":"2026-05-20T12:09:12","date_gmt":"2026-05-20T12:09:12","guid":{"rendered":"https:\/\/www.europesays.com\/be-fr\/113132\/"},"modified":"2026-05-20T12:09:12","modified_gmt":"2026-05-20T12:09:12","slug":"sophie-rohonyi-sur-laffaire-patrick-bruel-il-serait-judicieux-de-reporter-ses-spectacles-jusqua-ce-que-laffaire-ait-ete-jugee","status":"publish","type":"post","link":"https:\/\/www.europesays.com\/be-fr\/113132\/","title":{"rendered":"Sophie Rohonyi sur l&rsquo;affaire Patrick Bruel\u00a0: \u00ab\u00a0Il serait judicieux de reporter ses spectacles jusqu&rsquo;\u00e0 ce que l&rsquo;affaire ait \u00e9t\u00e9 jug\u00e9e\u00a0\u00bb"},"content":{"rendered":"<p>Retrait du \u00ab\u00a0Citoyen d&rsquo;Honneur\u00a0\u00bb<\/p>\n<p class=\"ap-StoryElement ap-StoryElement--mb ap-StoryText\">En Belgique, le parti D\u00e9FI a r\u00e9agi d&rsquo;abord du c\u00f4t\u00e9 de Li\u00e8ge. Dans un communiqu\u00e9, D\u00e9FI Province de Li\u00e8ge a demand\u00e9 le retrait provisoire du titre de \u00ab\u00a0Citoyen d&rsquo;honneur\u00a0\u00bb accord\u00e9 \u00e0 la c\u00e9l\u00e9brit\u00e9 en 2022.<\/p>\n<p><img loading=\"lazy\" decoding=\"async\" class=\"w-full lazyload lazyload--opacity object-contain\" style=\"aspect-ratio:150 \/ 100;opacity:1\" alt=\"DeFI's Sophie Rohonyi pictured during the new year's reception of French-speaking regionalist party DeFi, Monday 12 January 2026 in Brussels. BELGA PHOTO ERIC LALMAND\" width=\"768\" height=\"512\" fetchpriority=\"auto\" src=\"https:\/\/www.europesays.com\/be-fr\/wp-content\/uploads\/2026\/05\/1779278950_335_S5VKD3X55FFF3BW6V4SEHXNP7I.png\"  data- data-optimumx=\"1\"\/><img loading=\"lazy\" decoding=\"async\" src=\"https:\/\/www.europesays.com\/be-fr\/wp-content\/uploads\/2026\/05\/RRGVIGESQBG7ZOZTJA6SSHF76E.jpg\" width=\"768\" height=\"512\" alt=\"DeFI's Sophie Rohonyi pictured during the new year's reception of French-speaking regionalist party DeFi, Monday 12 January 2026 in Brussels. BELGA PHOTO ERIC LALMAND\" class=\"absolute inset-0 w-full\"\/>Sophie Rohonyi juge pr\u00e9f\u00e9rable de suspendre la tourn\u00e9e de Patrick Bruel. \u00a9Belgaimage<\/p>\n<p class=\"ap-StoryElement ap-StoryElement--mb ap-StoryText\">Contact\u00e9e par nos soins, leur pr\u00e9sidente va un pas plus loin. \u00ab\u00a0Au regard de l&rsquo;ampleur des t\u00e9moignages qui vont tous dans le m\u00eame sens, on peut consid\u00e9rer que continuer \u00e0 l&rsquo;honorer n&rsquo;est pas la meilleure des choses\u00a0\u00bb, d\u00e9clare Sophie Rohonyi. L&rsquo;ancienne pr\u00e9sidente du Conseil des Femmes Francophones de Belgique (CFFB) juge qu&rsquo;une suspension de tourn\u00e9e serait opportune. \u00ab\u00a0Il serait peut-\u00eatre judicieux de reporter ces spectacles jusqu&rsquo;\u00e0 ce que l&rsquo;affaire ait \u00e9t\u00e9 jug\u00e9e.\u00a0\u00bb<\/p>\n<p>Syst\u00e8me<\/p>\n<p class=\"ap-StoryElement ap-StoryElement--mb ap-StoryText\">\u00ab\u00a0Il s&rsquo;agit d&rsquo;un vrai syst\u00e8me de violence\u00a0\u00bb, poursuit la cheffe du parti amarante. \u00ab\u00a0Il est toujours compliqu\u00e9 de comprendre que des personnes continuent d&rsquo;assister \u00e0 ce spectacle. Le fait d&rsquo;y aller peut \u00eatre per\u00e7u non seulement comme un acte de soutien \u00e0 l&rsquo;artiste, mais aussi comme une forme de soutien implicite difficile \u00e0 vivre pour les victimes. Quelle est la responsabilit\u00e9 des personnes qui vont voir le spectacle ? Font-elles la distinction entre l&rsquo;artiste et l&rsquo;homme ?\u00a0\u00bb<\/p>\n<p class=\"ap-StoryElement ap-StoryElement--mb ap-StoryText\">En Belgique, la tourn\u00e9e \u00ab\u00a0Alors Regarde 35\u00a0\u00bb doit notamment passer par Bastogne et Forest National. \u00c0 ce stade, elle est encore maintenue. Selon les organisateurs, l&rsquo;annulation d&rsquo;un concert reste juridiquement complexe une fois que les contrats ont \u00e9t\u00e9 sign\u00e9s.<\/p>\n","protected":false},"excerpt":{"rendered":"Retrait du \u00ab\u00a0Citoyen d&rsquo;Honneur\u00a0\u00bb En Belgique, le parti D\u00e9FI a r\u00e9agi d&rsquo;abord du c\u00f4t\u00e9 de Li\u00e8ge. Dans un&hellip;\n","protected":false},"author":2,"featured_media":113133,"comment_status":"","ping_status":"","sticky":false,"template":"","format":"standard","meta":{"footnotes":"","_share_on_mastodon":"0"},"categories":[83],"tags":[12,13,18,17,96,95,15065,18131,18132,12224,15069],"class_list":["post-113132","post","type-post","status-publish","format-standard","has-post-thumbnail","category-divertissement","tag-be","tag-be-fr","tag-belgique","tag-belgium","tag-divertissement","tag-entertainment","tag-nieuwjaar","tag-nouvelle-an","tag-receptie","tag-reception","tag-voeux"],"share_on_mastodon":{"url":"https:\/\/pubeurope.com\/@be_fr\/116606832989266007","error":""},"_links":{"self":[{"href":"https:\/\/www.europesays.com\/be-fr\/wp-json\/wp\/v2\/posts\/113132","targetHints":{"allow":["GET"]}}],"collection":[{"href":"https:\/\/www.europesays.com\/be-fr\/wp-json\/wp\/v2\/posts"}],"about":[{"href":"https:\/\/www.europesays.com\/be-fr\/wp-json\/wp\/v2\/types\/post"}],"author":[{"embeddable":true,"href":"https:\/\/www.europesays.com\/be-fr\/wp-json\/wp\/v2\/users\/2"}],"replies":[{"embeddable":true,"href":"https:\/\/www.europesays.com\/be-fr\/wp-json\/wp\/v2\/comments?post=113132"}],"version-history":[{"count":0,"href":"https:\/\/www.europesays.com\/be-fr\/wp-json\/wp\/v2\/posts\/113132\/revisions"}],"wp:featuredmedia":[{"embeddable":true,"href":"https:\/\/www.europesays.com\/be-fr\/wp-json\/wp\/v2\/media\/113133"}],"wp:attachment":[{"href":"https:\/\/www.europesays.com\/be-fr\/wp-json\/wp\/v2\/media?parent=113132"}],"wp:term":[{"taxonomy":"category","embeddable":true,"href":"https:\/\/www.europesays.com\/be-fr\/wp-json\/wp\/v2\/categories?post=113132"},{"taxonomy":"post_tag","embeddable":true,"href":"https:\/\/www.europesays.com\/be-fr\/wp-json\/wp\/v2\/tags?post=113132"}],"curies":[{"name":"wp","href":"https:\/\/api.w.org\/{rel}","templated":true}]}}