{"id":113318,"date":"2026-05-20T14:44:18","date_gmt":"2026-05-20T14:44:18","guid":{"rendered":"https:\/\/www.europesays.com\/be-fr\/113318\/"},"modified":"2026-05-20T14:44:18","modified_gmt":"2026-05-20T14:44:18","slug":"didier-lemaire-apres-labandon-de-samuel-paty-le-temps-est-venu-de-se-pencher-sur-les-responsabilites-politiques","status":"publish","type":"post","link":"https:\/\/www.europesays.com\/be-fr\/113318\/","title":{"rendered":"Didier Lemaire : \u00abApr\u00e8s l\u2019abandon de Samuel Paty, le temps est venu de se pencher sur les responsabilit\u00e9s politiques\u00bb"},"content":{"rendered":"<p>\n    FIGAROVOX\/TRIBUNE &#8211; Alors que le film L\u2019Abandon est actuellement dans les salles de cin\u00e9ma, la question de la responsabilit\u00e9 politique dans le meurtre de Samuel Paty doit \u00eatre pos\u00e9e, plaide l\u2019enseignant, qui a \u00e9t\u00e9 menac\u00e9 pour avoir d\u00e9nonc\u00e9 la mont\u00e9e de l\u2019islamisme \u00e0 Trappes.<\/p>\n<p class=\"fig-paragraph\">Didier Lemaire est professeur de philosophie. Pendant vingt ans, il a enseign\u00e9 au lyc\u00e9e de la Plaine de Neauphle, \u00e0 Trappes. Menac\u00e9 pour avoir alert\u00e9 sur la mont\u00e9e de l\u2019islamisme, il a d\u00fb mettre en suspens sa carri\u00e8re d\u2019enseignant en f\u00e9vrier 2021.\u00a0<\/p>\n<p class=\"fig-paragraph\">\u00abQuoi que l\u2019on pense des causes profondes du d\u00e9sastre, la cause directe fut l\u2019incapacit\u00e9 du commandement\u00bb, \u00e9crivait\u00a0<a href=\"http:\/\/www.lefigaro.fr\/livres\/les-secrets-de-la-mort-de-marc-bloch-20260321\" data-fig-type=\"Article\" data-gtm-custom-categorie=\"navigation\" data-gtm-custom-action=\"crossclick\" data-gtm-custom-label=\"Contextuel\" data-gtm-event=\"customEventSPE\" data-fig-domain=\"LEFIGARO\" rel=\"nofollow noopener\" target=\"_blank\">Marc Bloch<\/a>\u00a0dans L\u2019\u00c9trange d\u00e9faite, quelques mois apr\u00e8s que la France se soit enfonc\u00e9e dans le d\u00e9ni et que nos g\u00e9n\u00e9raux, faute d\u2019avoir anticip\u00e9 les conditions de la guerre moderne, aient men\u00e9 notre arm\u00e9e au d\u00e9sastre. Qui donc s\u2019abritera, aujourd\u2019hui, derri\u00e8re je ne sais quel \u00abfatal engrenage\u00bb ou derri\u00e8re \u00abl\u2019institution\u00bb pour \u00e9viter de poser la question de la cause directe de l\u2019assassinat de Samuel Paty\u00a0?<\/p>\n<p>                                            <a class=\"fig-a11y-skip\" href=\"#fig-a11y-skip-main-inarticle\" is=\"fig-a11y-skip\" data-trigger-mode=\"visible-once\"><br \/>\n    Passer la publicit\u00e9<br \/>\n<\/a>            <\/p>\n<p class=\"fig-paragraph\">D\u2019abord, il y a un professeur d\u2019histoire qui remplit sa mission \u2013 celle qui n\u2019est plus, en r\u00e9alit\u00e9, la mission des enseignants \u2013 de fa\u00e7on exemplaire\u00a0: instruire. Il cherche \u00e0 faire na\u00eetre chez ses jeunes \u00e9l\u00e8ves le go\u00fbt de la r\u00e9flexion. Il s\u2019efforce de d\u00e9velopper leur facult\u00e9 de juger pour les pr\u00e9parer \u00e0\u00a0<br \/>devenir des citoyens. Pour ce faire, dans son cours pr\u00e9vu au programme sur la libert\u00e9 d\u2019expression, il s\u2019appuie sur des documents p\u00e9dagogiques valid\u00e9s par le minist\u00e8re. Des islamistes lui reprochent \u2013 sinc\u00e8rement, faut-il le dire\u00a0? \u2013 une provocation. Ses coll\u00e8gues,\u00a0<a href=\"http:\/\/www.lefigaro.fr\/culture\/film-pour-l-extreme-droite-les-musulmans-se-font-taper-dessus-a-cannes-plusieurs-streamers-fustigent-l-abandon-sur-samuel-paty-20260517\" data-fig-type=\"NewsFlash\" data-gtm-custom-categorie=\"navigation\" data-gtm-custom-action=\"crossclick\" data-gtm-custom-label=\"Contextuel\" data-gtm-event=\"customEventSPE\" data-fig-domain=\"LEFIGARO\" rel=\"nofollow noopener\" target=\"_blank\">sa proviseure<\/a>, la rectrice de l\u2019Acad\u00e9mie de Versailles, sous l\u2019autorit\u00e9 du minist\u00e8re de l\u2019\u00c9ducation nationale portent cependant, d\u2019une mani\u00e8re plus ou moins ouverte, le m\u00eame soup\u00e7on contre lui\u00a0: le soup\u00e7on d\u2019islamophobie, soup\u00e7on qui empeste la mauvaise conscience et la honte de ce que nous sommes. Or, sans ce\u00a0<br \/>soup\u00e7on, il est \u00e9vident que le professeur aurait \u00e9t\u00e9 prot\u00e9g\u00e9 et qu\u2019il n\u2019aurait pas \u00e9t\u00e9 tu\u00e9.<\/p>\n<p class=\"fig-quote__text\">C\u2019est un manquement, \u00e0 tous niveaux de la cha\u00eene hi\u00e9rarchique, qui fut la cause directe de l\u2019abandon du professeur.<\/p>\n<p>            Didier Lemaire<\/p>\n<p class=\"fig-paragraph\">Il faudrait \u00eatre vraiment aveugle pour ne pas voir que la cause directe de l\u2019assassinat du professeur Samuel Paty fut l\u2019incapacit\u00e9 de ceux qui commandent \u00e0 prendre leurs responsabilit\u00e9s\u00a0: la proviseure,\u00a0<br \/>en recevant un imam dans son lyc\u00e9e et en imputant au professeur un \u00abincident grave\u00bb, la rectrice, en d\u00e9l\u00e9guant un r\u00e9f\u00e9rent la\u00efcit\u00e9 qui porta l\u2019accusation contre le professeur, le ministre, en restant spectateur alors qu\u2019il savait que Daech avait d\u00e9clar\u00e9, apr\u00e8s\u00a0<a href=\"http:\/\/www.lefigaro.fr\/actualite-france\/une-memoire-douloureuse-emmanuel-macron-remet-la-legion-d-honneur-a-55-membres-des-forces-de-l-ordre-intervenues-au-bataclan-20260421\" data-fig-type=\"NewsFlash\" data-gtm-custom-categorie=\"navigation\" data-gtm-custom-action=\"crossclick\" data-gtm-custom-label=\"Contextuel\" data-gtm-event=\"customEventSPE\" data-fig-domain=\"LEFIGARO\" rel=\"nofollow noopener\" target=\"_blank\">la tuerie du Bataclan<\/a>, que sa priorit\u00e9 \u00e9tait de s\u2019attaquer \u00e0 l\u2019\u00e9cole publique fran\u00e7aise. C\u2019est ce manquement, \u00e0 tous niveaux de la cha\u00eene hi\u00e9rarchique, qui fut la cause directe de l\u2019abandon du professeur. Un abandon qui se poursuit d\u2019ailleurs puisque notre association, D\u00e9fense des serviteurs de la R\u00e9publique, accompagne des enseignants menac\u00e9s qui se retrouvent dans des situations similaires \u00e0 celle qu\u2019a v\u00e9cue Samuel Paty.<\/p>\n<p class=\"fig-paragraph\">Pour l\u2019heure, Ma\u00eetre Chaix a engag\u00e9 un proc\u00e8s en responsabilit\u00e9 contre l\u2019\u00c9tat au nom de\u00a0<a href=\"http:\/\/www.lefigaro.fr\/vox\/societe\/je-refuse-que-le-pardon-soit-l-unique-visage-du-courage-le-requisitoire-de-mickaelle-paty-contre-les-islamistes-qui-ont-cause-la-mort-de-son-frere-20260203\" data-fig-type=\"Article\" data-gtm-custom-categorie=\"navigation\" data-gtm-custom-action=\"crossclick\" data-gtm-custom-label=\"Contextuel\" data-gtm-event=\"customEventSPE\" data-fig-domain=\"LEFIGARO\" rel=\"nofollow noopener\" target=\"_blank\">Micka\u00eblle Paty.<\/a>\u00a0Si nous voulons r\u00e9tablir le lien de confiance entre les citoyens et leurs repr\u00e9sentants, ce proc\u00e8s devrait s\u2019accompagner d\u2019un d\u00e9bat public sur la responsabilit\u00e9 politique de ceux qui ont eu pour\u00a0<br \/>charge de commander et qui ont renonc\u00e9 \u00e0 assumer leur fonction. Plus g\u00e9n\u00e9ralement, il importe de prendre acte que nous avons abandonn\u00e9 les professeurs, l\u2019\u00c9cole, les services publics, les Juifs, les valeurs et les principes de la R\u00e9publiques. \u00c0 ce rythme, nous abandonnerons bient\u00f4t la d\u00e9mocratie.\u00a0<br \/>Car, sans instruction publique commune \u00e0 tous les citoyens, pas de libert\u00e9 politique. En effet, comme le souligne Condorcet, fondateur de l\u2019\u00e9cole publique, \u00abm\u00eame sous la constitution la plus libre, un peuple ignorant est esclave. Il faut qu\u2019en aimant les Lois on sache les juger\u00bb. Mais savons-nous\u00a0<br \/>encore juger nos lois alors qu\u2019elles ne paraissent plus adapt\u00e9es face \u00e0 des ennemis qui veulent d\u00e9truire la libert\u00e9 et l\u2019\u00e9galit\u00e9 et instaurer un monde o\u00f9 l\u2019\u00eatre humain sera de trop\u00a0?<\/p>\n","protected":false},"excerpt":{"rendered":"FIGAROVOX\/TRIBUNE &#8211; Alors que le film L\u2019Abandon est actuellement dans les salles de cin\u00e9ma, la question de la&hellip;\n","protected":false},"author":2,"featured_media":113319,"comment_status":"","ping_status":"","sticky":false,"template":"","format":"standard","meta":{"footnotes":"","_share_on_mastodon":"0"},"categories":[99],"tags":[8743,12,13,18,17,96,95,40992,25654,112],"class_list":["post-113318","post","type-post","status-publish","format-standard","has-post-thumbnail","category-television","tag-attentat","tag-be","tag-be-fr","tag-belgique","tag-belgium","tag-divertissement","tag-entertainment","tag-professeur-decapite","tag-samuel-paty","tag-television"],"share_on_mastodon":{"url":"https:\/\/pubeurope.com\/@be_fr\/116607442628098422","error":""},"_links":{"self":[{"href":"https:\/\/www.europesays.com\/be-fr\/wp-json\/wp\/v2\/posts\/113318","targetHints":{"allow":["GET"]}}],"collection":[{"href":"https:\/\/www.europesays.com\/be-fr\/wp-json\/wp\/v2\/posts"}],"about":[{"href":"https:\/\/www.europesays.com\/be-fr\/wp-json\/wp\/v2\/types\/post"}],"author":[{"embeddable":true,"href":"https:\/\/www.europesays.com\/be-fr\/wp-json\/wp\/v2\/users\/2"}],"replies":[{"embeddable":true,"href":"https:\/\/www.europesays.com\/be-fr\/wp-json\/wp\/v2\/comments?post=113318"}],"version-history":[{"count":0,"href":"https:\/\/www.europesays.com\/be-fr\/wp-json\/wp\/v2\/posts\/113318\/revisions"}],"wp:featuredmedia":[{"embeddable":true,"href":"https:\/\/www.europesays.com\/be-fr\/wp-json\/wp\/v2\/media\/113319"}],"wp:attachment":[{"href":"https:\/\/www.europesays.com\/be-fr\/wp-json\/wp\/v2\/media?parent=113318"}],"wp:term":[{"taxonomy":"category","embeddable":true,"href":"https:\/\/www.europesays.com\/be-fr\/wp-json\/wp\/v2\/categories?post=113318"},{"taxonomy":"post_tag","embeddable":true,"href":"https:\/\/www.europesays.com\/be-fr\/wp-json\/wp\/v2\/tags?post=113318"}],"curies":[{"name":"wp","href":"https:\/\/api.w.org\/{rel}","templated":true}]}}