{"id":114098,"date":"2026-05-21T09:25:10","date_gmt":"2026-05-21T09:25:10","guid":{"rendered":"https:\/\/www.europesays.com\/be-fr\/114098\/"},"modified":"2026-05-21T09:25:10","modified_gmt":"2026-05-21T09:25:10","slug":"le-parc-immersif-western-city-annonce-sa-reouverture-a-chaudfontaine","status":"publish","type":"post","link":"https:\/\/www.europesays.com\/be-fr\/114098\/","title":{"rendered":"Le parc immersif Western City annonce sa #r\u00e9ouverture \u00e0 Chaudfontaine"},"content":{"rendered":"<p>En 2023, la mise en vente de cette attraction du proche Far West avait fait craindre sa disparition. Heureusement, il y a un an et demi, le site de Western City \u00e0 Chaudfontaine \u00e9tait repris par une nouvelle structure qui comptait bien le d\u00e9velopper.<br \/>C\u2019est maintenant chose faite, apr\u00e8s des r\u00e9novations et des travaux le parc immersif rouvre d\u00e8s la semaine prochaine.<\/p>\n<p>\u00ab\u00a0\u00c0 Western City, on ne visite pas simplement un lieu: on entre dans une v\u00e9ritable ville du Far West, vivante, immersive et pleine de surprises. Pens\u00e9 comme un lieu d\u2019\u00e9vasion, de jeu et de partage, Western City invite les familles, les enfants, les groupes d\u2019amis, les visiteurs de passage et les entreprises \u00e0 vivre une aventure collective dans un d\u00e9cor western grandeur nature\u00a0\u00bb, r\u00e9sume la nouvelle team.<\/p>\n<p>Sur place, les visiteurs peuvent pousser la porte du saloon, croiser le sh\u00e9rif, tenter leur chance \u00e0 la mine d\u2019or, explorer la ville, relever des d\u00e9fis, chercher des indices et se laisser emporter par l\u2019ambiance unique. L\u2019exp\u00e9rience se prolonge aussi \u00e0 table, avec un restaurant immersif inspir\u00e9 de l\u2019ambiance chaleureuse d\u2019un v\u00e9ritable saloon du Far West. La cuisine y propose des saveurs d\u00e9paysantes, avec une attention particuli\u00e8re port\u00e9e aux produits locaux. Pour ce qui est de l\u2019h\u00e9bergement, quatre chambres \u00e0 th\u00e8me sont con\u00e7ues \u00ab\u00a0comme une invitation \u00e0 dormir au c\u0153ur de l\u2019univers western, en couple, en famille ou entre amis\u00a0\u00bb.<\/p>\n<p>Western City s\u2019adresse aussi aux entreprises \u00e0 la recherche d\u2019un team-building qui sort du cadre et accueille les repas de groupe, f\u00eates de famille, s\u00e9minaires ou journ\u00e9es sur mesure.<br \/>Le projet s\u2019inscrit \u00e9galement dans une dynamique d\u2019\u00e9conomie sociale et d\u2019insertion socioprofessionnelle, en offrant un cadre concret de formation, de remise \u00e0 l\u2019emploi et de d\u00e9veloppement de comp\u00e9tences.<\/p>\n<p><a href=\"http:\/\/www.western-city.be\" rel=\"nofollow noopener\" target=\"_blank\">www.western-city.be<\/a><\/p>\n<p>Pr\u00e9c\u00e9dent : <a href=\"https:\/\/www.todayinliege.be\/en-province-de-liege-1-maison-sur-5-est-occupee-par-des-proprietaires-ayant-tous-les-deux-65-ans-et-plus\/\" rel=\"nofollow noopener\" target=\"_blank\">En province de Li\u00e8ge, 1 maison sur 5 est occup\u00e9e par des propri\u00e9taires ayant tous les deux 65 ans et plus<\/a> <\/p>\n<p>\u25ba Une erreur ou une proposition d&rsquo;article, <a href=\"\/contact#contact\">contactez-nous<\/a>.<\/p>\n","protected":false},"excerpt":{"rendered":"En 2023, la mise en vente de cette attraction du proche Far West avait fait craindre sa disparition.&hellip;\n","protected":false},"author":2,"featured_media":114099,"comment_status":"","ping_status":"","sticky":false,"template":"","format":"standard","meta":{"footnotes":"","_share_on_mastodon":"0"},"categories":[2],"tags":[12,13,18,17],"class_list":["post-114098","post","type-post","status-publish","format-standard","has-post-thumbnail","category-belgique","tag-be","tag-be-fr","tag-belgique","tag-belgium"],"share_on_mastodon":{"url":"https:\/\/pubeurope.com\/@be_fr\/116611850229284094","error":""},"_links":{"self":[{"href":"https:\/\/www.europesays.com\/be-fr\/wp-json\/wp\/v2\/posts\/114098","targetHints":{"allow":["GET"]}}],"collection":[{"href":"https:\/\/www.europesays.com\/be-fr\/wp-json\/wp\/v2\/posts"}],"about":[{"href":"https:\/\/www.europesays.com\/be-fr\/wp-json\/wp\/v2\/types\/post"}],"author":[{"embeddable":true,"href":"https:\/\/www.europesays.com\/be-fr\/wp-json\/wp\/v2\/users\/2"}],"replies":[{"embeddable":true,"href":"https:\/\/www.europesays.com\/be-fr\/wp-json\/wp\/v2\/comments?post=114098"}],"version-history":[{"count":0,"href":"https:\/\/www.europesays.com\/be-fr\/wp-json\/wp\/v2\/posts\/114098\/revisions"}],"wp:featuredmedia":[{"embeddable":true,"href":"https:\/\/www.europesays.com\/be-fr\/wp-json\/wp\/v2\/media\/114099"}],"wp:attachment":[{"href":"https:\/\/www.europesays.com\/be-fr\/wp-json\/wp\/v2\/media?parent=114098"}],"wp:term":[{"taxonomy":"category","embeddable":true,"href":"https:\/\/www.europesays.com\/be-fr\/wp-json\/wp\/v2\/categories?post=114098"},{"taxonomy":"post_tag","embeddable":true,"href":"https:\/\/www.europesays.com\/be-fr\/wp-json\/wp\/v2\/tags?post=114098"}],"curies":[{"name":"wp","href":"https:\/\/api.w.org\/{rel}","templated":true}]}}