{"id":116199,"date":"2026-05-23T07:51:09","date_gmt":"2026-05-23T07:51:09","guid":{"rendered":"https:\/\/www.europesays.com\/be-fr\/116199\/"},"modified":"2026-05-23T07:51:09","modified_gmt":"2026-05-23T07:51:09","slug":"keren-ann-chanteuse-et-compositrice-jaime-dejeuner-par-terre","status":"publish","type":"post","link":"https:\/\/www.europesays.com\/be-fr\/116199\/","title":{"rendered":"Keren Ann, chanteuse et compositrice\u00a0: \u00ab\u00a0J\u2019aime d\u00e9jeuner par terre\u00a0\u00bb"},"content":{"rendered":"<p class=\"paragraph text_align_left lp-f-body-02\">Elle cis\u00e8le ses textes, compose ses m\u00e9lodies, joue de la guitare et bien s\u00fbr elle chante, de sa voix soyeuse. <a href=\"https:\/\/www.leparisien.fr\/culture-loisirs\/musique\/keren-ann-ame-nature-07-04-2019-8045691.php\" target=\"_blank\" rel=\"noreferrer nofollow noopener\">Keren Ann<\/a> est une artiste magn\u00e9tique. L\u2019Isra\u00e9lo-N\u00e9erlandaise, n\u00e9e \u00e0 C\u00e9sar\u00e9e, qui a v\u00e9cu aux Pays-Bas jusqu\u2019\u00e0 ses 11 ans avant de s\u2019installer d\u00e9finitivement \u00e0 Paris, a fait ses premiers pas aux c\u00f4t\u00e9s de Benjamin Biolay. Ensemble, ils ont \u00e9crit en 2000 l\u2019album \u00e0 succ\u00e8s d\u2019Henri Salvador, \u00ab Chambre avec vue \u00bb, avec le fameux \u00ab Jardin d\u2019Hiver \u00bb, devenu un classique.<\/p>\n<p class=\"\">Tr\u00e8s cultiv\u00e9e musicalement, Keren Ann se r\u00e9v\u00e8le tr\u00e8s cal\u00e9e sur la cuisine, et l\u2019alimentation. D\u2019ailleurs, elle nous donne rendez-vous Au R\u00eave, un bistrot \u00e0 la fois d\u00e9licieux et mythique de la rue Caulaincourt, pr\u00e8s de chez elle, o\u00f9 Jacques Brel a \u00e9crit \u00ab Ne me quitte pas \u00bb. Les fans de Keren Ann, et de son dernier opus, \u00ab Paris Amour \u00bb, pourront l\u2019\u00e9couter en concert ce mardi 26 mai \u00e0 la Cigale et le 3 d\u00e9cembre \u00e0 Pleyel.<\/p>\n","protected":false},"excerpt":{"rendered":"Elle cis\u00e8le ses textes, compose ses m\u00e9lodies, joue de la guitare et bien s\u00fbr elle chante, de sa&hellip;\n","protected":false},"author":2,"featured_media":116200,"comment_status":"","ping_status":"","sticky":false,"template":"","format":"standard","meta":{"footnotes":"","_share_on_mastodon":"0"},"categories":[98],"tags":[12,13,18,17,41525,96,95,107,108,476],"class_list":["post-116199","post","type-post","status-publish","format-standard","has-post-thumbnail","category-musique","tag-be","tag-be-fr","tag-belgique","tag-belgium","tag-bien-manger","tag-divertissement","tag-entertainment","tag-music","tag-musique","tag-societe"],"share_on_mastodon":{"url":"https:\/\/pubeurope.com\/@be_fr\/116622805324269863","error":""},"_links":{"self":[{"href":"https:\/\/www.europesays.com\/be-fr\/wp-json\/wp\/v2\/posts\/116199","targetHints":{"allow":["GET"]}}],"collection":[{"href":"https:\/\/www.europesays.com\/be-fr\/wp-json\/wp\/v2\/posts"}],"about":[{"href":"https:\/\/www.europesays.com\/be-fr\/wp-json\/wp\/v2\/types\/post"}],"author":[{"embeddable":true,"href":"https:\/\/www.europesays.com\/be-fr\/wp-json\/wp\/v2\/users\/2"}],"replies":[{"embeddable":true,"href":"https:\/\/www.europesays.com\/be-fr\/wp-json\/wp\/v2\/comments?post=116199"}],"version-history":[{"count":0,"href":"https:\/\/www.europesays.com\/be-fr\/wp-json\/wp\/v2\/posts\/116199\/revisions"}],"wp:featuredmedia":[{"embeddable":true,"href":"https:\/\/www.europesays.com\/be-fr\/wp-json\/wp\/v2\/media\/116200"}],"wp:attachment":[{"href":"https:\/\/www.europesays.com\/be-fr\/wp-json\/wp\/v2\/media?parent=116199"}],"wp:term":[{"taxonomy":"category","embeddable":true,"href":"https:\/\/www.europesays.com\/be-fr\/wp-json\/wp\/v2\/categories?post=116199"},{"taxonomy":"post_tag","embeddable":true,"href":"https:\/\/www.europesays.com\/be-fr\/wp-json\/wp\/v2\/tags?post=116199"}],"curies":[{"name":"wp","href":"https:\/\/api.w.org\/{rel}","templated":true}]}}