{"id":116505,"date":"2026-05-23T13:38:13","date_gmt":"2026-05-23T13:38:13","guid":{"rendered":"https:\/\/www.europesays.com\/be-fr\/116505\/"},"modified":"2026-05-23T13:38:13","modified_gmt":"2026-05-23T13:38:13","slug":"le-contre-pied-de-jean-marc-gheraille-il-faut-sauver-les-soldats-anderlecht-et-standard","status":"publish","type":"post","link":"https:\/\/www.europesays.com\/be-fr\/116505\/","title":{"rendered":"Le Contre-pied de Jean-Marc Gh\u00e9raille\u00a0: il faut sauver les soldats Anderlecht et Standard"},"content":{"rendered":"<p class=\"ap-StoryElement ap-StoryElement--mb ap-StoryText\">Nous entendons r\u00e9guli\u00e8rement des ricanements, voire des \u00ab\u00a0bien fait pour eux\u00a0\u00bb sur la situation sportive des Mauves et des Rouches. Loin de nous l&rsquo;id\u00e9e de d\u00e9douaner les directions successives qui sont parvenues \u00e0 casser leur jouet. N\u00e9anmoins, en prenant une vision h\u00e9licopt\u00e8re du microcosme noir-jaune-rouge, je n&rsquo;ai pas peur de dire que le football belge a besoin d&rsquo;<a href=\"https:\/\/www.dhnet.be\/sports\/football\/division-1a\/anderlecht\/2026\/05\/21\/match-pour-la-4e-place-accueil-des-supporters-goto-la-der-de-plusieurs-joueurs-et-peut-etre-de-taravel-les-enjeux-de-ce-anderlecht-saint-trond-SF3INOKCMJBAVICPKPTDF2LFL4\/\" target=\"_self\" rel=\"nofollow noopener\">Anderlecht<\/a> et du Standard. Et pas les ersatz actuels mais deux clubs qui jouent le top, qui se battent \u00e9ventuellement pour le titre et qui \u00e9voluent chaque ann\u00e9e sur la sc\u00e8ne europ\u00e9enne.<\/p>\n<p><a href=\"https:\/\/www.dhnet.be\/sports\/2026\/05\/19\/le-contre-pied-de-jean-marc-gheraille-coupe-du-monde-quand-les-papys-belges-font-de-la-resistance-6QRYBGRNQZEZDKL3GCJNPARCCU\/\" target=\"_self\" class=\"ap-StoryInterstitialLink ap-StoryElement ap-StoryElement--mb\" rel=\"nofollow noopener\">Le Contre-pied de Jean-Marc Gh\u00e9raille &#8211; Coupe du Monde : quand les papys belges font de la r\u00e9sistance<\/a><\/p>\n<p class=\"ap-StoryElement ap-StoryElement--mb ap-StoryText\">Pour conna\u00eetre la valeur du duo historique, sans aucun jugement partisan, demandez aux d\u00e9tenteurs des droits tv et aux cha\u00eenes qui diffusent les matchs. Anderlecht et le <a href=\"https:\/\/www.dhnet.be\/sports\/football\/division-1a\/standard\/2026\/05\/19\/un-rafiki-said-heureux-veut-terminer-le-boulot-contre-charleroi-il-faut-quon-gagne-samedi-pour-remporter-ces-europe-playoffs-KRXT4SF3YZBV7CSG27F7LHOBRE\/\" target=\"_self\" rel=\"nofollow noopener\">Standard<\/a> sont et restent de gros pourvoyeurs d&rsquo;audience. Plus que l&rsquo;Union. Si elles ne peuvent pas le dire ouvertement, elles voient venir avec une certaine appr\u00e9hension, pour ne pas dire une crainte l&rsquo;arriv\u00e9e de Saint-Trond et, \u00e9ventuellement, de Malines ou de La Gantoise en Europe.<\/p>\n<p class=\"ap-StoryElement ap-StoryElement--mb ap-StoryText\">Elles prient tous les saints du calendrier pour qu&rsquo;Anderlecht arrache (le mot n&rsquo;est pas trop fort) la quatri\u00e8me place et que le Standard ponctue sa remontada par un ticket europ\u00e9en. M\u00eame pour les tours pr\u00e9liminaires\u2026<\/p>\n<p><a href=\"https:\/\/www.dhnet.be\/sports\/2026\/05\/20\/le-contre-pied-de-jean-marc-gheraille-arsenal-champion-remco-evenepoel-en-rouge-et-blanc-BVJS7OX25JATXI4GFUFTRJP2QI\/\" target=\"_self\" class=\"ap-StoryInterstitialLink ap-StoryElement ap-StoryElement--mb\" rel=\"nofollow noopener\">Le Contre-pied de Jean-Marc Gh\u00e9raille : Arsenal champion, Remco Evenepoel en rouge et blanc<\/a><\/p>\n","protected":false},"excerpt":{"rendered":"Nous entendons r\u00e9guli\u00e8rement des ricanements, voire des \u00ab\u00a0bien fait pour eux\u00a0\u00bb sur la situation sportive des Mauves et&hellip;\n","protected":false},"author":2,"featured_media":116506,"comment_status":"","ping_status":"","sticky":false,"template":"","format":"standard","meta":{"footnotes":"","_share_on_mastodon":"0"},"categories":[81],"tags":[961,3847,3848,3849,12,13,3478,18,17,3850,3026,3851,16086,6191,2311,4061,968,691,901,3856,3857,16072,84,3858,4429,443,12092,12253,1439],"class_list":["post-116505","post","type-post","status-publish","format-standard","has-post-thumbnail","category-sports","tag-adult","tag-athlete","tag-australian-open","tag-ball-game","tag-be","tag-be-fr","tag-belgaonthespot","tag-belgique","tag-belgium","tag-benelux-only","tag-clothing","tag-competition","tag-competition-event","tag-focus-on-foreground","tag-hommes","tag-mannen","tag-men","tag-motion","tag-player","tag-racket","tag-racket-sport","tag-side-view","tag-sports","tag-sports-clothing","tag-sports-equipment","tag-tennis","tag-tournament","tag-two-people","tag-young-adult"],"share_on_mastodon":{"url":"https:\/\/pubeurope.com\/@be_fr\/116624169860146500","error":""},"_links":{"self":[{"href":"https:\/\/www.europesays.com\/be-fr\/wp-json\/wp\/v2\/posts\/116505","targetHints":{"allow":["GET"]}}],"collection":[{"href":"https:\/\/www.europesays.com\/be-fr\/wp-json\/wp\/v2\/posts"}],"about":[{"href":"https:\/\/www.europesays.com\/be-fr\/wp-json\/wp\/v2\/types\/post"}],"author":[{"embeddable":true,"href":"https:\/\/www.europesays.com\/be-fr\/wp-json\/wp\/v2\/users\/2"}],"replies":[{"embeddable":true,"href":"https:\/\/www.europesays.com\/be-fr\/wp-json\/wp\/v2\/comments?post=116505"}],"version-history":[{"count":0,"href":"https:\/\/www.europesays.com\/be-fr\/wp-json\/wp\/v2\/posts\/116505\/revisions"}],"wp:featuredmedia":[{"embeddable":true,"href":"https:\/\/www.europesays.com\/be-fr\/wp-json\/wp\/v2\/media\/116506"}],"wp:attachment":[{"href":"https:\/\/www.europesays.com\/be-fr\/wp-json\/wp\/v2\/media?parent=116505"}],"wp:term":[{"taxonomy":"category","embeddable":true,"href":"https:\/\/www.europesays.com\/be-fr\/wp-json\/wp\/v2\/categories?post=116505"},{"taxonomy":"post_tag","embeddable":true,"href":"https:\/\/www.europesays.com\/be-fr\/wp-json\/wp\/v2\/tags?post=116505"}],"curies":[{"name":"wp","href":"https:\/\/api.w.org\/{rel}","templated":true}]}}