{"id":116563,"date":"2026-05-23T15:07:14","date_gmt":"2026-05-23T15:07:14","guid":{"rendered":"https:\/\/www.europesays.com\/be-fr\/116563\/"},"modified":"2026-05-23T15:07:14","modified_gmt":"2026-05-23T15:07:14","slug":"le-prince-william-rencontre-les-aines-des-iles-scilly","status":"publish","type":"post","link":"https:\/\/www.europesays.com\/be-fr\/116563\/","title":{"rendered":"Le prince William rencontre les a\u00een\u00e9s des \u00celes Scilly"},"content":{"rendered":"<p class=\"wp-block-paragraph\">Le prince William a pass\u00e9 la journ\u00e9e dans les \u00celes Scilly, un archipel des Cornouailles, qu\u2019il fr\u00e9quente r\u00e9guli\u00e8rement lors de vacances en famille. Ce vendredi, le prince de Galles a visit\u00e9 le Scilly Hospital, o\u00f9 il a pu rencontrer les a\u00een\u00e9s de l\u2019\u00eele, dont une r\u00e9sidente centenaire. <\/p>\n<p class=\"wp-block-paragraph\">Lire aussi : <a href=\"https:\/\/histoiresroyales.fr\/prince-william-visite-premiere-fois-iles-scilly-duc-de-cornouailles\/\" rel=\"nofollow noopener\" target=\"_blank\">Le prince William visite pour la premi\u00e8re fois les \u00eeles Scilly depuis qu\u2019il est duc de Cornouailles<\/a><\/p>\n<p>Le prince de Galles visite la nouvelle aile d\u2019une r\u00e9sidence de soins sur les \u00celes Scilly<\/p>\n<p class=\"wp-block-paragraph\">Le prince William, 43 ans, est arriv\u00e9 sur l\u2019\u00eele St Mary \u00e0 bord d\u2019un nouveau bateau-pilote, ce 22 mai 2026. L\u2019\u00eele St Mary est la plus grande \u00eele de l\u2019archipel des Scilly. Elle abrite plus de la moiti\u00e9 des habitants de l\u2019archipel qui totalise un peu plus de 2200 habitants. Les \u00eeles Scilly se trouvent au large des c\u00f4tes des Cornouailles, un comt\u00e9 situ\u00e9 \u00e0 l\u2019extr\u00e9mit\u00e9 du sud-ouest de l\u2019Angleterre. Le prince William conna\u00eet bien l\u2019archipel mais il s\u2019agissait de sa premi\u00e8re visite, dans un cadre officiel, depuis le passage de la temp\u00eate Goretti qui a laiss\u00e9 des s\u00e9quelles sur l\u2019\u00eele.<\/p>\n<p><img fetchpriority=\"high\" decoding=\"async\" width=\"1300\" height=\"876\" src=\"https:\/\/www.europesays.com\/be-fr\/wp-content\/uploads\/2026\/05\/prince-william-doyenne-iles-scilly-centenaire.jpg\" alt=\"\" class=\"wp-image-248806 lazyload\" data-  \/>Le prince William rencontre Hilda Richars, 102 ans, doyenne des habitants des \u00celes Scilly (Photo : Hannah McKay\/PA Wire\/ABACAPRESS)<\/p>\n<p class=\"wp-block-paragraph\">Lire aussi : <a href=\"https:\/\/histoiresroyales.fr\/prince-william-joue-experts-cornouailles\/\" rel=\"nofollow noopener\" target=\"_blank\">Le prince William joue aux experts dans les Cornouailles<\/a><\/p>\n<p class=\"wp-block-paragraph\">Sur l\u2019\u00eele, le prince de Galles a visit\u00e9 le Scilly Hospital, dont une nouvelle aile vient d\u2019\u00eatre inaugur\u00e9e. Les r\u00e9sidents de cet hospice s\u2019appr\u00eatent \u00e0 emm\u00e9nager dans le b\u00e2timent, dont le r\u00e9am\u00e9nagement est soutenu, en partie, par le Duchy of Cornwall du prince de Galles. Cette journ\u00e9e s\u2019inscrit dans le cadre des visites que le prince William effectue r\u00e9guli\u00e8rement sur les terres appartenant au Duchy of Cornwall et dont il est le propri\u00e9taire en tant que duc de Cornouailles.<\/p>\n<p class=\"wp-block-paragraph\">Lors de sa visite dans la maison de soins, le prince William a fait la rencontre de Dot Elvin, 94 ans, avec laquelle il a pu \u00e9changer et faire quelques confidences sur sa vie de famille. Le prince William a \u00e9galement rencontr\u00e9 la doyenne des \u00eeles Scilly, Hilda Richards, \u00e2g\u00e9e de 102 ans. \u00ab\u00a0Nous sommes fiers du travail accompli avec nos partenaires pour l\u2019ouverture d\u2019un nouvel \u00e9tablissement hospitalier destin\u00e9 \u00e0 renforcer l\u2019offre de soins de sant\u00e9 dans les \u00eeles Scilly \u00bb, a d\u00e9clar\u00e9 le prince de Galles. \u00ab Ce projet, men\u00e9 par la communaut\u00e9, regroupe les services et am\u00e9liore l\u2019acc\u00e8s aux soins, leur continuit\u00e9 et la r\u00e9silience dans cet environnement insulaire isol\u00e9. \u00bb<\/p>\n<p><img loading=\"lazy\" decoding=\"async\" width=\"1300\" height=\"867\" src=\"https:\/\/www.europesays.com\/be-fr\/wp-content\/uploads\/2026\/05\/prince-william-discussions-aines-iles-scilly.jpg\" alt=\"\" class=\"wp-image-248807 lazyload\" data-  \/>Le prince William en discussion avec les a\u00een\u00e9s de St Mary, sur les \u00celes Scilly (Photo : Hannah McKay\/PA Wire\/ABACAPRESS)<\/p>\n<p class=\"wp-block-paragraph\">Le prince William a automatiquement re\u00e7u le titre de duc de Cornouailles, le titre port\u00e9 par l\u2019h\u00e9ritier du tr\u00f4ne, lors de l\u2019accession au tr\u00f4ne de son p\u00e8re, en 2022. Le titre de prince de Galles octroy\u00e9 par Charles \u00e0 son fils, par apr\u00e8s, est un titre qui est donn\u00e9 \u00e0 l\u2019h\u00e9ritier par tradition. Le duc de Cornouailles devient aussi le propri\u00e9taire du Duchy of Cornwall, une entit\u00e9 de la Couronne qui est propri\u00e9taire de terres et de biens immobiliers. Les revenus locatifs g\u00e9n\u00e9r\u00e9s par ces biens constituent des revenus pour l\u2019h\u00e9ritier du tr\u00f4ne. Le Duchy of Cornwall investit principalement dans le comt\u00e9 de Cornouailles et de plus en plus souvent dans des projets durables ou \u00e0 vocation sociale. <\/p>\n<p class=\"wp-block-paragraph\">Le duc de Cornouailles a \u00e9galement visit\u00e9 le chantier de construction de dix nouvelles maisons durables, o\u00f9 il a pu \u00e9changer avec les ouvriers. Ceux-ci ont expliqu\u00e9 les difficult\u00e9s rencontr\u00e9es pour construire ce nouvel \u00e9tablissement sur une \u00eele. Ces propri\u00e9t\u00e9s sont en bois et, une fois termin\u00e9es, elles seront \u00e9quip\u00e9es de panneaux solaires et de bornes de recharge pour v\u00e9hicules \u00e9lectriques. Le prince William a conclu sa visite en plantant un pin, symbolisant la renaissance de l\u2019\u00eele, apr\u00e8s la chute de plus de 500 arbres lors du passage de la temp\u00eate Goretti en janvier 2026.<\/p>\n<p>\t\t\t\t<img loading=\"lazy\" alt=\"Avatar photo\" src=\"https:\/\/www.europesays.com\/be-fr\/wp-content\/uploads\/2026\/05\/1779548834_988_cropped-nicolasfontaine-1-164x164.jpg\"  class=\"avatar avatar-164 photo lazyload\" height=\"164\" width=\"164\" decoding=\"async\"\/><br \/>\n\t\t<a href=\"https:\/\/histoiresroyales.fr\/author\/royaliste123\/\" rel=\"nofollow noopener\" target=\"_blank\">Nicolas Fontaine<\/a><br \/>\n\t\t\t\t\tR\u00e9dacteur en chef<\/p>\n<p>Nicolas Fontaine est un journaliste sp\u00e9cialis\u00e9 dans les familles royales et l&rsquo;histoire des monarchies europ\u00e9ennes et mondiales. Nicolas Fontaine a fond\u00e9 Histoires Royales, le premier m\u00e9dia en ligne d\u00e9di\u00e9 \u00e0 l&rsquo;actualit\u00e9 des t\u00eates couronn\u00e9es en 2019.&#13;<br \/>\nnicolas@histoiresroyales.fr<\/p>\n<p>\t\t\t\t\t\t\t<a href=\"https:\/\/twitter.com\/ActusRoyales\" class=\"boxed-icon fill twitter\" target=\"_blank\" rel=\"nofollow noopener\"><\/a><br \/>\n\t\t\t\t\t\t\t\t\t<a href=\"https:\/\/www.instagram.com\/histoiresroyales.fr\/\" class=\"boxed-icon fill instagram\" target=\"_blank\" rel=\"nofollow noopener\"><\/a><\/p>\n<p>\t\t\t\t\t\t\t\t\t\t\t\t\t<script async src=\"https:\/\/platform.twitter.com\/widgets.js\" charset=\"utf-8\"><\/script><script async src=\"\/\/www.instagram.com\/embed.js\"><\/script><\/p>\n","protected":false},"excerpt":{"rendered":"Le prince William a pass\u00e9 la journ\u00e9e dans les \u00celes Scilly, un archipel des Cornouailles, qu\u2019il fr\u00e9quente r\u00e9guli\u00e8rement&hellip;\n","protected":false},"author":2,"featured_media":116564,"comment_status":"","ping_status":"","sticky":false,"template":"","format":"standard","meta":{"footnotes":"","_share_on_mastodon":"0"},"categories":[83],"tags":[12,13,18,17,41634,96,95,41636,655,41637,41635],"class_list":["post-116563","post","type-post","status-publish","format-standard","has-post-thumbnail","category-divertissement","tag-be","tag-be-fr","tag-belgique","tag-belgium","tag-cornouailles","tag-divertissement","tag-entertainment","tag-maison-de-repos","tag-prince-william","tag-su00e9niors","tag-u00eeles-scilly"],"share_on_mastodon":{"url":"https:\/\/pubeurope.com\/@be_fr\/116624519749049979","error":""},"_links":{"self":[{"href":"https:\/\/www.europesays.com\/be-fr\/wp-json\/wp\/v2\/posts\/116563","targetHints":{"allow":["GET"]}}],"collection":[{"href":"https:\/\/www.europesays.com\/be-fr\/wp-json\/wp\/v2\/posts"}],"about":[{"href":"https:\/\/www.europesays.com\/be-fr\/wp-json\/wp\/v2\/types\/post"}],"author":[{"embeddable":true,"href":"https:\/\/www.europesays.com\/be-fr\/wp-json\/wp\/v2\/users\/2"}],"replies":[{"embeddable":true,"href":"https:\/\/www.europesays.com\/be-fr\/wp-json\/wp\/v2\/comments?post=116563"}],"version-history":[{"count":0,"href":"https:\/\/www.europesays.com\/be-fr\/wp-json\/wp\/v2\/posts\/116563\/revisions"}],"wp:featuredmedia":[{"embeddable":true,"href":"https:\/\/www.europesays.com\/be-fr\/wp-json\/wp\/v2\/media\/116564"}],"wp:attachment":[{"href":"https:\/\/www.europesays.com\/be-fr\/wp-json\/wp\/v2\/media?parent=116563"}],"wp:term":[{"taxonomy":"category","embeddable":true,"href":"https:\/\/www.europesays.com\/be-fr\/wp-json\/wp\/v2\/categories?post=116563"},{"taxonomy":"post_tag","embeddable":true,"href":"https:\/\/www.europesays.com\/be-fr\/wp-json\/wp\/v2\/tags?post=116563"}],"curies":[{"name":"wp","href":"https:\/\/api.w.org\/{rel}","templated":true}]}}