{"id":117347,"date":"2026-05-24T11:46:33","date_gmt":"2026-05-24T11:46:33","guid":{"rendered":"https:\/\/www.europesays.com\/be-fr\/117347\/"},"modified":"2026-05-24T11:46:33","modified_gmt":"2026-05-24T11:46:33","slug":"je-me-suis-fait-dessus-giuseppa-evoque-un-incident-embarrassant-survenu-lors-dune-competition-sportive","status":"publish","type":"post","link":"https:\/\/www.europesays.com\/be-fr\/117347\/","title":{"rendered":"\u00ab\u00a0Je me suis fait dessus\u00a0\u00bb : Giuseppa \u00e9voque un incident embarrassant survenu lors d\u2019une comp\u00e9tition sportive"},"content":{"rendered":"<p class=\"articleContent-meta\">\n        Hier \u00e0 18:00 &#8211; par             <a class=\"articleContent-metaAuthorsLink\" href=\"https:\/\/www.programme.tv\/auteur\/jessica-gajderowicz\/\" rel=\"nofollow noopener\" target=\"_blank\">Jessica Gajderowicz<\/a><\/p>\n<p>                        <img decoding=\"async\" src=\"https:\/\/www.europesays.com\/be-fr\/wp-content\/uploads\/2026\/05\/giuseppa-est-designee-voleuse-dans-the-detective-club-qui-a-vole-kiki.jpg\" alt=\"Player Video\" class=\"player-applyRatio poster exclude-seedtag\"\/><\/p>\n<p>Depuis plusieurs mois, Giuseppa s\u2019est passionn\u00e9e pour le sport, notamment les comp\u00e9titions Hyrox. D\u2019ailleurs, la jeune maman a fait des confidences surprenantes concernant l\u2019un des \u00e9v\u00e9nements et une m\u00e9saventure qui lui est arriv\u00e9e.<\/p>\n<p>Ces derniers mois, la vie de Giuseppa a compl\u00e8tement chang\u00e9. Il y a presque un an, Paga a eu des ennuis judiciaires et son infid\u00e9lit\u00e9 a \u00e9t\u00e9 r\u00e9v\u00e9l\u00e9e au grand jour. Pourtant, les deux tourtereaux ont tent\u00e9 de surmonter cette \u00e9preuve. En vain. <a href=\"https:\/\/www.programme.tv\/news\/tele-realite\/266205-c-est-en-partie-de-ma-faute-quatre-mois-apres-leur-separation-giuseppa-devoile-les-raisons-de-son-divorce-avec-paga\/\" rel=\"nofollow noopener\" target=\"_blank\">Malgr\u00e9 ses tentatives pour reconqu\u00e9rir sa femme,<\/a> leur mariage a sombr\u00e9 et ils se sont s\u00e9par\u00e9s<a href=\"https:\/\/www.programme.tv\/news\/tele-realite\/266242-une-famille-avant-tout-giuseppa-devoile-ses-photos-de-vacances-avec-paga-leur-complicite-touche-les-internautes\/\" rel=\"nofollow noopener\" target=\"_blank\"> tout en restant en bons termes.<\/a> Et c\u2019est dans le sport que <a href=\"https:\/\/www.programme.tv\/news\/tele-realite\/266567-je-lui-ai-ecrit-cinq-lettres-a-la-main-paga-raconte-sa-rupture-avec-giuseppa-et-revele-avoir-tente-de-la-reconquerir\/\" rel=\"nofollow noopener\" target=\"_blank\">la maman d\u2019Adrianna et de Giorgia<\/a> a trouv\u00e9 une \u00e9chappatoire. Compl\u00e8tement transform\u00e9e physiquement, elle a particip\u00e9 \u00e0 des comp\u00e9titions d\u2019Hyrox. Un \u00e9v\u00e9nement crossfit qui se fait en duo.<\/p>\n<p>Giuseppa dans une situation d\u00e9licate lors de l\u2019Hyrox<\/p>\n<p>Du 23 au 26 avril 2026, le Grand Palais accueillait l\u2019Hyrox. Giuseppa \u00e9tait de la partie. Quelques jours apr\u00e8s avoir partag\u00e9 son vlog, l\u2019influenceuse s\u2019est empar\u00e9e de son t\u00e9l\u00e9phone pour partager une anecdote concernant la comp\u00e9tition qu\u2019elle n\u2019avait pas partag\u00e9e dans sa vid\u00e9o. \u00ab\u00a0En fait moi quand je stresse. J\u2019ai une envie de faire pipi. C\u2019est terrible je dois pisser toutes les deux minutes. En fait, \u00e0 l\u2019Hyrox du grand Palais je fais que pisser avant la course. Trois minutes avant de partir dans le SAS, on est dans le brief je sens que l\u00e0 il faut que je pisse. On est lanc\u00e9s je ne peux plus y aller je me dis c\u2019est pas grave\u00a0\u00bb, raconte-t-elle en remettant les choses dans leur contexte. Mais les choses ne se sont pas pass\u00e9es comme pr\u00e9vu. \u00ab\u00a0Comme vous le savez, j\u2019ai eu deux enfants. Mon p\u00e9rin\u00e9e est un peu en PLS\u00a0\u00bb, a rappel\u00e9 Giuseppa.<\/p>\n<p>                                Giuseppa a utilis\u00e9 la m\u00e9thode radicale<\/p>\n<p>Dans son r\u00e9cit, Giuseppa r\u00e9v\u00e8le qu\u2019elle s\u2019est rendue compte qu\u2019elle ne pouvait pas se retenir mais que, si elle se retenait, cela allait g\u00e2cher sa course. \u00ab\u00a0J\u2019avais un short j\u2019avais ma tenue full adidas c\u2019\u00e9tait un short un peu large il \u00e9tait pas clair\u00a0\u00bb, d\u00e9crit-elle pour ceux qui n\u2019ont pas vu sa tenue. R\u00e9sultat des courses, elle n\u2019avait qu\u2019une seule solution qui s\u2019offrait \u00e0 elle : \u00ab\u00a0je me suis piss\u00e9e j\u2019\u00e9tais tremp\u00e9e\u00a0\u00bb. Giuseppa s\u2019est dit que les personnes autour n\u2019y verraient que du feu et qu\u2019elles penseraient qu\u2019il s\u2019agissait de la transpiration. \u00ab\u00a0Si jamais \u00e7a vous arrive, pensez \u00e0 moi et dites vous que moi il y avait du monde, je suis un peu connue (\u2026) si je peux le faire, vous pouvez tous vous pisser dessus pendant un Hyrox sans probl\u00e8me\u00a0\u00bb, a-t-elle conclu avec humour. Sacr\u00e9e anecdote !<\/p>\n<p>Article \u00e9crit en collaboration avec 6medias.<\/p>\n<p>Rejoignez-nous sur Google !<\/p>\n<p class=\"articleContent-pushTagline\">Abonnez-vous \u00e0 <a href=\"https:\/\/profile.google.com\/cp\/CgsvZy8xMjExMWxuMQ\" rel=\"nofollow noopener\" target=\"_blank\">T\u00e9l\u00e9 2 semaines sur Google<\/a> pour ne manquer aucune info !<\/p>\n","protected":false},"excerpt":{"rendered":"Hier \u00e0 18:00 &#8211; par Jessica Gajderowicz Depuis plusieurs mois, Giuseppa s\u2019est passionn\u00e9e pour le sport, notamment les&hellip;\n","protected":false},"author":2,"featured_media":117348,"comment_status":"","ping_status":"","sticky":false,"template":"","format":"standard","meta":{"footnotes":"","_share_on_mastodon":"0"},"categories":[102],"tags":[461,12,13,18,17,41829,129,128,96,95,41828,109,369,2887,1729],"class_list":["post-117347","post","type-post","status-publish","format-standard","has-post-thumbnail","category-people","tag-anecdote","tag-be","tag-be-fr","tag-belgique","tag-belgium","tag-cest-la-famille","tag-celebrities","tag-celebrity","tag-divertissement","tag-entertainment","tag-giuseppa","tag-people","tag-sport","tag-tu00e9lu00e9-ru00e9alitu00e9","tag-zapping"],"share_on_mastodon":{"url":"https:\/\/pubeurope.com\/@be_fr\/116629391747129495","error":""},"_links":{"self":[{"href":"https:\/\/www.europesays.com\/be-fr\/wp-json\/wp\/v2\/posts\/117347","targetHints":{"allow":["GET"]}}],"collection":[{"href":"https:\/\/www.europesays.com\/be-fr\/wp-json\/wp\/v2\/posts"}],"about":[{"href":"https:\/\/www.europesays.com\/be-fr\/wp-json\/wp\/v2\/types\/post"}],"author":[{"embeddable":true,"href":"https:\/\/www.europesays.com\/be-fr\/wp-json\/wp\/v2\/users\/2"}],"replies":[{"embeddable":true,"href":"https:\/\/www.europesays.com\/be-fr\/wp-json\/wp\/v2\/comments?post=117347"}],"version-history":[{"count":0,"href":"https:\/\/www.europesays.com\/be-fr\/wp-json\/wp\/v2\/posts\/117347\/revisions"}],"wp:featuredmedia":[{"embeddable":true,"href":"https:\/\/www.europesays.com\/be-fr\/wp-json\/wp\/v2\/media\/117348"}],"wp:attachment":[{"href":"https:\/\/www.europesays.com\/be-fr\/wp-json\/wp\/v2\/media?parent=117347"}],"wp:term":[{"taxonomy":"category","embeddable":true,"href":"https:\/\/www.europesays.com\/be-fr\/wp-json\/wp\/v2\/categories?post=117347"},{"taxonomy":"post_tag","embeddable":true,"href":"https:\/\/www.europesays.com\/be-fr\/wp-json\/wp\/v2\/tags?post=117347"}],"curies":[{"name":"wp","href":"https:\/\/api.w.org\/{rel}","templated":true}]}}