{"id":118079,"date":"2026-05-25T08:09:13","date_gmt":"2026-05-25T08:09:13","guid":{"rendered":"https:\/\/www.europesays.com\/be-fr\/118079\/"},"modified":"2026-05-25T08:09:13","modified_gmt":"2026-05-25T08:09:13","slug":"guillaume-francois-a-vecu-ses-dernieres-minutes-de-footballeur-pro-a-chaque-fois-javais-envie-de-tenter-quelque-chose-de-special-avec-le-ballon","status":"publish","type":"post","link":"https:\/\/www.europesays.com\/be-fr\/118079\/","title":{"rendered":"Guillaume Fran\u00e7ois a v\u00e9cu ses derni\u00e8res minutes de footballeur pro: \u00ab\u00a0\u00c0 chaque fois, j&rsquo;avais envie de tenter quelque chose de sp\u00e9cial avec le ballon\u00a0\u00bb"},"content":{"rendered":"<p class=\"ap-StoryElement ap-StoryElement--mb ap-StoryText\">\u00ab\u00a0C&rsquo;est du pur plaisir, savourait-il apr\u00e8s la rencontre. On voulait faire de ce match une v\u00e9ritable f\u00eate du football et c&rsquo;est totalement r\u00e9ussi. C&rsquo;\u00e9tait magnifique \u00e0 voir depuis le banc et j&rsquo;ai ensuite pu en profiter sur le terrain. Franchement, c&rsquo;est une tr\u00e8s belle derni\u00e8re soir\u00e9e au Marien.\u00a0\u00bb<\/p>\n<p class=\"ap-StoryQuote-text\">Je pense qu&rsquo;on ne dormira pas beaucoup.<\/p>\n<p class=\"ap-StoryElement ap-StoryElement--mb ap-StoryText\">\u00c0 chacune de ses touches de balle, le stade s&rsquo;est lev\u00e9 pour saluer une derni\u00e8re fois l&rsquo;un de ses joueurs embl\u00e9matiques. Des instants qui resteront longtemps grav\u00e9s dans sa m\u00e9moire. \u00ab\u00a0\u00c0 chaque fois, j&rsquo;avais envie de tenter quelque chose de sp\u00e9cial avec le ballon alors que ce n&rsquo;est pas mon style de jeu, souriait-il. On jouait \u00e0 onze contre dix donc j&rsquo;avais du temps au ballon. C&rsquo;\u00e9tait pr\u00e9vu que je re\u00e7oive du temps de jeu, et vu le score, j&rsquo;esp\u00e9rais m\u00eame monter \u00e0 la mi-temps. Mais au final, c&rsquo;\u00e9tait tr\u00e8s bien comme \u00e7a parce que la chaleur \u00e9tait difficile \u00e0 g\u00e9rer.\u00a0\u00bb<\/p>\n<p><a href=\"https:\/\/www.dhnet.be\/sports\/football\/division-1a\/union-saint-gilloise\/2026\/05\/24\/ait-el-hadj-homme-du-match-burgess-imprenable-et-khalaili-fort-present-les-notes-des-unionistes-apres-la-victoire-face-a-anderlecht-XNPOWFG7JFFM5CUXAMW2T7GGFE\/\" target=\"_self\" class=\"ap-StoryInterstitialLink ap-StoryElement ap-StoryElement--mb\" rel=\"nofollow noopener\">Ait El Hadj homme du match, Burgess imprenable et Khalaili fort pr\u00e9sent: les notes des Unionistes apr\u00e8s la victoire face \u00e0 Anderlecht<\/a><\/p>\n<p class=\"ap-StoryElement ap-StoryElement--mb ap-StoryText\">Reste d\u00e9sormais \u00e0 savoir ce que l&rsquo;avenir r\u00e9serve \u00e0 celui qui aura pass\u00e9 dix-huit saisons dans le football professionnel. Une int\u00e9gration dans le staff de David Hubert fait partie des possibilit\u00e9s, m\u00eame si rien n&rsquo;a encore \u00e9t\u00e9 d\u00e9cid\u00e9.<\/p>\n<p><img loading=\"lazy\" decoding=\"async\" class=\"w-full lazyload lazyload--opacity object-contain\" style=\"aspect-ratio:150 \/ 100;opacity:1\" alt=\"Union's Guillaume Francois celebrates with the Belgian cup after a soccer match between Royale Union Saint-Gilloise and RSC Anderlecht, Sunday 24 May 2026 in Brussels, on the last day of the Champion's Play-offs of the 2025-2026 'Jupiler Pro League' first division of the Belgian championship. BELGA PHOTO TOM GOYVAERTS\" width=\"768\" height=\"512\" fetchpriority=\"auto\" src=\"https:\/\/www.europesays.com\/be-fr\/wp-content\/uploads\/2026\/05\/1779696552_345_S5VKD3X55FFF3BW6V4SEHXNP7I.png\"  data- data-optimumx=\"1\"\/><img loading=\"lazy\" decoding=\"async\" src=\"https:\/\/www.europesays.com\/be-fr\/wp-content\/uploads\/2026\/05\/B6RXEZSP5VDQ3MLR5ZWZ7IWVEE.jpg\" width=\"768\" height=\"512\" alt=\"Union's Guillaume Francois celebrates with the Belgian cup after a soccer match between Royale Union Saint-Gilloise and RSC Anderlecht, Sunday 24 May 2026 in Brussels, on the last day of the Champion's Play-offs of the 2025-2026 'Jupiler Pro League' first division of the Belgian championship. BELGA PHOTO TOM GOYVAERTS\" class=\"absolute inset-0 w-full\"\/>Guillaume Fran\u00e7ois et ses co\u00e9quipiers ont f\u00eat\u00e9 avec leurs supporters apr\u00e8s la rencontre. \u00a9Belgaimage<\/p>\n<p class=\"ap-StoryElement ap-StoryElement--mb ap-StoryText\">\u00ab\u00a0Comme chaque saison, l&rsquo;Union va prendre le temps de r\u00e9fl\u00e9chir et on verra o\u00f9 les discussions nous m\u00e8neront. Mais aujourd&rsquo;hui, je veux surtout profiter de l&rsquo;\u00e9quipe, de ma famille et de mes amis. Les questions viendront plus tard. On a pr\u00e9vu un endroit pour continuer la f\u00eate tous ensemble, puis on se laissera porter par le moment. Je pense qu&rsquo;on ne dormira pas beaucoup cette nuit avant le barbecue de fin de saison pr\u00e9vu lundi midi. De tr\u00e8s belles heures nous attendent encore.\u00a0\u00bb<\/p>\n","protected":false},"excerpt":{"rendered":"\u00ab\u00a0C&rsquo;est du pur plaisir, savourait-il apr\u00e8s la rencontre. On voulait faire de ce match une v\u00e9ritable f\u00eate du&hellip;\n","protected":false},"author":2,"featured_media":118080,"comment_status":"","ping_status":"","sticky":false,"template":"","format":"standard","meta":{"footnotes":"","_share_on_mastodon":"0"},"categories":[81],"tags":[12,13,18,17,1076,1077,1078,1079,1080,482,3745,33162,1081,1766,4978,906,84,2860,1082],"class_list":["post-118079","post","type-post","status-publish","format-standard","has-post-thumbnail","category-sports","tag-be","tag-be-fr","tag-belgique","tag-belgium","tag-d1","tag-division-un","tag-eerste-klasse","tag-first-division","tag-foot","tag-football","tag-po1","tag-poa","tag-premiere-division","tag-rsca","tag-rusg","tag-soccer","tag-sports","tag-usg","tag-voetbal"],"share_on_mastodon":{"url":"https:\/\/pubeurope.com\/@be_fr\/116634200898459486","error":""},"_links":{"self":[{"href":"https:\/\/www.europesays.com\/be-fr\/wp-json\/wp\/v2\/posts\/118079","targetHints":{"allow":["GET"]}}],"collection":[{"href":"https:\/\/www.europesays.com\/be-fr\/wp-json\/wp\/v2\/posts"}],"about":[{"href":"https:\/\/www.europesays.com\/be-fr\/wp-json\/wp\/v2\/types\/post"}],"author":[{"embeddable":true,"href":"https:\/\/www.europesays.com\/be-fr\/wp-json\/wp\/v2\/users\/2"}],"replies":[{"embeddable":true,"href":"https:\/\/www.europesays.com\/be-fr\/wp-json\/wp\/v2\/comments?post=118079"}],"version-history":[{"count":0,"href":"https:\/\/www.europesays.com\/be-fr\/wp-json\/wp\/v2\/posts\/118079\/revisions"}],"wp:featuredmedia":[{"embeddable":true,"href":"https:\/\/www.europesays.com\/be-fr\/wp-json\/wp\/v2\/media\/118080"}],"wp:attachment":[{"href":"https:\/\/www.europesays.com\/be-fr\/wp-json\/wp\/v2\/media?parent=118079"}],"wp:term":[{"taxonomy":"category","embeddable":true,"href":"https:\/\/www.europesays.com\/be-fr\/wp-json\/wp\/v2\/categories?post=118079"},{"taxonomy":"post_tag","embeddable":true,"href":"https:\/\/www.europesays.com\/be-fr\/wp-json\/wp\/v2\/tags?post=118079"}],"curies":[{"name":"wp","href":"https:\/\/api.w.org\/{rel}","templated":true}]}}