{"id":118800,"date":"2026-05-25T21:36:16","date_gmt":"2026-05-25T21:36:16","guid":{"rendered":"https:\/\/www.europesays.com\/be-fr\/118800\/"},"modified":"2026-05-25T21:36:16","modified_gmt":"2026-05-25T21:36:16","slug":"la-kermesse-de-printemps-revient-a-berchem-sainte-agathe-voici-les-activites-prevues","status":"publish","type":"post","link":"https:\/\/www.europesays.com\/be-fr\/118800\/","title":{"rendered":"La \u00ab\u00a0Kermesse de printemps\u00a0\u00bb revient \u00e0 Berchem-Sainte-Agathe\u00a0: voici les activit\u00e9s pr\u00e9vues"},"content":{"rendered":"<p class=\"ap-StoryElement ap-StoryElement--mb ap-StoryText\">La kermesse de printemps revient du 29 et 31 mai \u00e0 Berchem-Sainte-Agathe. L'\u00a0\u00bb ap\u00e9ritif des Berchemois\u00a0\u00bb aura lieu \u00e0 l&rsquo;ancienne \u00e9glise le vendredi pour l&rsquo;ouverture des festivit\u00e9s. L&rsquo;entr\u00e9e est libre, avec des boissons et de la nourriture offertes aux 1.000 premiers arriv\u00e9s.<\/p>\n<p><a href=\"https:\/\/www.dhnet.be\/regions\/bruxelles\/bruxelles-mobilite\/2026\/05\/16\/attention-vous-ne-pouvez-plus-passer-en-voiture-dans-cette-rue-bien-connue-de-bruxelles-des-cameras-infligeront-bientot-des-amendes-de-58-SAJITPSMXJD7JGASTEYFOCV2AI\/\" target=\"_self\" class=\"ap-StoryInterstitialLink ap-StoryElement ap-StoryElement--mb\" rel=\"nofollow noopener\">Attention, vous ne pouvez plus passer en voiture dans cette rue bien connue de Bruxelles : des cam\u00e9ras infligeront bient\u00f4t des amendes de 58\u20ac<\/a><\/p>\n<p class=\"ap-StoryElement ap-StoryElement--mb ap-StoryText\">Le samedi, la \u00ab\u00a0grande brocante\u00a0\u00bb se tiendra de 7 h \u00e0 18 h. Un cort\u00e8ge folklorique est pr\u00e9vu \u00e0 11 h avec des g\u00e9ants et une fanfare. Le dimanche, place \u00e0 la \u00ab\u00a0petite brocante\u00a0\u00bb de 8 h \u00e0 17 h, avec <a href=\"https:\/\/berchem.brussels\/fr\/kermesse-de-printemps-chasse-au-tresor-31-mai\/\" target=\"_self\" rel=\"nofollow noopener\">une chasse aux tr\u00e9sors <\/a>de 11 h \u00e0 16 h devant l&rsquo;\u00e9cole communale place Roi Baudouin.<\/p>\n<p>Pour acc\u00e9der \u00e0 cet article, veuillez vous connecter au r\u00e9seau internet.<\/p>\n","protected":false},"excerpt":{"rendered":"La kermesse de printemps revient du 29 et 31 mai \u00e0 Berchem-Sainte-Agathe. L&rsquo;\u00a0\u00bb ap\u00e9ritif des Berchemois\u00a0\u00bb aura lieu&hellip;\n","protected":false},"author":2,"featured_media":118801,"comment_status":"","ping_status":"","sticky":false,"template":"","format":"standard","meta":{"footnotes":"","_share_on_mastodon":"0"},"categories":[2],"tags":[12,13,18,17,7967,3881],"class_list":["post-118800","post","type-post","status-publish","format-standard","has-post-thumbnail","category-belgique","tag-be","tag-be-fr","tag-belgique","tag-belgium","tag-berchem-sainte-agathe","tag-promotions-amazon"],"share_on_mastodon":{"url":"https:\/\/pubeurope.com\/@be_fr\/116637374000802223","error":""},"_links":{"self":[{"href":"https:\/\/www.europesays.com\/be-fr\/wp-json\/wp\/v2\/posts\/118800","targetHints":{"allow":["GET"]}}],"collection":[{"href":"https:\/\/www.europesays.com\/be-fr\/wp-json\/wp\/v2\/posts"}],"about":[{"href":"https:\/\/www.europesays.com\/be-fr\/wp-json\/wp\/v2\/types\/post"}],"author":[{"embeddable":true,"href":"https:\/\/www.europesays.com\/be-fr\/wp-json\/wp\/v2\/users\/2"}],"replies":[{"embeddable":true,"href":"https:\/\/www.europesays.com\/be-fr\/wp-json\/wp\/v2\/comments?post=118800"}],"version-history":[{"count":0,"href":"https:\/\/www.europesays.com\/be-fr\/wp-json\/wp\/v2\/posts\/118800\/revisions"}],"wp:featuredmedia":[{"embeddable":true,"href":"https:\/\/www.europesays.com\/be-fr\/wp-json\/wp\/v2\/media\/118801"}],"wp:attachment":[{"href":"https:\/\/www.europesays.com\/be-fr\/wp-json\/wp\/v2\/media?parent=118800"}],"wp:term":[{"taxonomy":"category","embeddable":true,"href":"https:\/\/www.europesays.com\/be-fr\/wp-json\/wp\/v2\/categories?post=118800"},{"taxonomy":"post_tag","embeddable":true,"href":"https:\/\/www.europesays.com\/be-fr\/wp-json\/wp\/v2\/tags?post=118800"}],"curies":[{"name":"wp","href":"https:\/\/api.w.org\/{rel}","templated":true}]}}