{"id":119250,"date":"2026-05-26T09:59:10","date_gmt":"2026-05-26T09:59:10","guid":{"rendered":"https:\/\/www.europesays.com\/be-fr\/119250\/"},"modified":"2026-05-26T09:59:10","modified_gmt":"2026-05-26T09:59:10","slug":"une-voiture-tombe-dans-leau-a-chenee-le-conducteur-a-ete-sauve-par-les-pompiers","status":"publish","type":"post","link":"https:\/\/www.europesays.com\/be-fr\/119250\/","title":{"rendered":"Une voiture tombe dans l\u2019eau \u00e0 Ch\u00ean\u00e9e : le conducteur a \u00e9t\u00e9 #sauv\u00e9 par les pompiers"},"content":{"rendered":"<p class=\"post-meta\"> 26 Mai 2026<\/p>\n<p><img loading=\"lazy\" decoding=\"async\" src=\"https:\/\/www.europesays.com\/be-fr\/wp-content\/uploads\/2026\/05\/tempo-46-1080x675.jpg\" alt=\"Une voiture tombe dans l\u2019eau \u00e0 Ch\u00ean\u00e9e : le conducteur a \u00e9t\u00e9 sauv\u00e9 par les pompiers\" class=\"\" width=\"1080\" height=\"675\"  \/><\/p>\n<p>Vendredi, une personne est tomb\u00e9e dans l\u2019Ourthe avec son v\u00e9hicule \u00e0 Ch\u00ean\u00e9e. Cela s\u2019est pass\u00e9 au niveau de la rue de la Station. Secourue par les plongeurs des pompiers , la victime a \u00e9t\u00e9 prise en charge par les secours avant d\u2019\u00eatre transport\u00e9e \u00e0 l\u2019h\u00f4pital. Le v\u00e9hicule a \u00e9t\u00e9 sorti de l\u2019eau gr\u00e2ce \u00e0 la grue \u00e9quipant l\u2019un des v\u00e9hicules des pompiers.<\/p>\n<p>Suivant : <a href=\"https:\/\/www.todayinliege.be\/dici-a-cet-ete-la-ligne-de-bus-31-devrait-retrouver-son-ancien-itineraire-en-etant-reliee-au-centre-ville\/\" rel=\"nofollow noopener\" target=\"_blank\">D\u2019ici \u00e0 cet \u00e9t\u00e9, la ligne de bus 31 devrait retrouver son ancien itin\u00e9raire en \u00e9tant reli\u00e9e au centre-ville<\/a> <br \/>Pr\u00e9c\u00e9dent : <a href=\"https:\/\/www.todayinliege.be\/les-coteaux-de-la-citadelle-trop-peu-accessibles-lechevin-a-repondu\/\" rel=\"nofollow noopener\" target=\"_blank\">Les Coteaux de la Citadelle trop peu accessibles ? L\u2019\u00e9chevin a r\u00e9pondu<\/a> <\/p>\n<p>\u25ba Une erreur ou une proposition d&rsquo;article, <a href=\"\/contact#contact\">contactez-nous<\/a>.<\/p>\n","protected":false},"excerpt":{"rendered":"26 Mai 2026 Vendredi, une personne est tomb\u00e9e dans l\u2019Ourthe avec son v\u00e9hicule \u00e0 Ch\u00ean\u00e9e. Cela s\u2019est pass\u00e9&hellip;\n","protected":false},"author":2,"featured_media":119251,"comment_status":"","ping_status":"","sticky":false,"template":"","format":"standard","meta":{"footnotes":"","_share_on_mastodon":"0"},"categories":[2],"tags":[12,13,18,17],"class_list":["post-119250","post","type-post","status-publish","format-standard","has-post-thumbnail","category-belgique","tag-be","tag-be-fr","tag-belgique","tag-belgium"],"share_on_mastodon":{"url":"https:\/\/pubeurope.com\/@be_fr\/116640295734431880","error":""},"_links":{"self":[{"href":"https:\/\/www.europesays.com\/be-fr\/wp-json\/wp\/v2\/posts\/119250","targetHints":{"allow":["GET"]}}],"collection":[{"href":"https:\/\/www.europesays.com\/be-fr\/wp-json\/wp\/v2\/posts"}],"about":[{"href":"https:\/\/www.europesays.com\/be-fr\/wp-json\/wp\/v2\/types\/post"}],"author":[{"embeddable":true,"href":"https:\/\/www.europesays.com\/be-fr\/wp-json\/wp\/v2\/users\/2"}],"replies":[{"embeddable":true,"href":"https:\/\/www.europesays.com\/be-fr\/wp-json\/wp\/v2\/comments?post=119250"}],"version-history":[{"count":0,"href":"https:\/\/www.europesays.com\/be-fr\/wp-json\/wp\/v2\/posts\/119250\/revisions"}],"wp:featuredmedia":[{"embeddable":true,"href":"https:\/\/www.europesays.com\/be-fr\/wp-json\/wp\/v2\/media\/119251"}],"wp:attachment":[{"href":"https:\/\/www.europesays.com\/be-fr\/wp-json\/wp\/v2\/media?parent=119250"}],"wp:term":[{"taxonomy":"category","embeddable":true,"href":"https:\/\/www.europesays.com\/be-fr\/wp-json\/wp\/v2\/categories?post=119250"},{"taxonomy":"post_tag","embeddable":true,"href":"https:\/\/www.europesays.com\/be-fr\/wp-json\/wp\/v2\/tags?post=119250"}],"curies":[{"name":"wp","href":"https:\/\/api.w.org\/{rel}","templated":true}]}}