{"id":119746,"date":"2026-05-26T17:06:09","date_gmt":"2026-05-26T17:06:09","guid":{"rendered":"https:\/\/www.europesays.com\/be-fr\/119746\/"},"modified":"2026-05-26T17:06:09","modified_gmt":"2026-05-26T17:06:09","slug":"roland-garros-la-tenue-folle-de-osaka-pour-son-entree-en-lice","status":"publish","type":"post","link":"https:\/\/www.europesays.com\/be-fr\/119746\/","title":{"rendered":"Roland-Garros\u00a0: la tenue folle de Osaka pour son entr\u00e9e en lice"},"content":{"rendered":"<p class=\"ap-StoryElement ap-StoryElement--mb ap-StoryText\">Naomi Osaka n&rsquo;a pas rat\u00e9 son entr\u00e9e \u00e0 Roland-Garros. Pour son premier match face \u00e0 Laura Siegemund, ce mardi sur le court Suzanne-Lenglen, la Japonaise est arriv\u00e9e dans une longue robe noire brillante, digne d&rsquo;un tapis rouge. Une fois cette tenue retir\u00e9e, l&rsquo;ancienne num\u00e9ro 1 mondiale a d\u00e9voil\u00e9 une tenue de match tout aussi spectaculaire, scintillante et dor\u00e9e, qui a rapidement fait r\u00e9agir les r\u00e9seaux sociaux.<\/p>\n<p class=\"ap-StoryElement ap-StoryElement--mb ap-StoryText\">Osaka assume pleinement ce c\u00f4t\u00e9 tr\u00e8s mode. Avant le tournoi, elle avait d&rsquo;ailleurs confi\u00e9 : \u00ab\u00a0Je suis un peu dramatique quand il s&rsquo;agit de mon sens de la mode.\u00a0\u00bb Une phrase parfaitement illustr\u00e9e par son arriv\u00e9e remarqu\u00e9e \u00e0 Paris. D\u00e9j\u00e0 au centre des discussions avant m\u00eame son entr\u00e9e en lice, Osaka avait aussi fait parler d&rsquo;elle en coorganisant \u00e0 Paris une \u00ab\u00a0Black Party\u00a0\u00bb, un d\u00eener priv\u00e9 r\u00e9unissant plusieurs figures noires du tennis, dont Taylor Townsend, Coco Gauff et Ga\u00ebl Monfils.<\/p>\n","protected":false},"excerpt":{"rendered":"Naomi Osaka n&rsquo;a pas rat\u00e9 son entr\u00e9e \u00e0 Roland-Garros. Pour son premier match face \u00e0 Laura Siegemund, ce&hellip;\n","protected":false},"author":2,"featured_media":119747,"comment_status":"","ping_status":"","sticky":false,"template":"","format":"standard","meta":{"footnotes":"","_share_on_mastodon":"0"},"categories":[81],"tags":[961,3847,3849,12,13,18,17,3026,3851,14327,3853,3029,963,41260,3855,968,691,969,18047,901,3857,84,3858,443,3860,16073,1439],"class_list":["post-119746","post","type-post","status-publish","format-standard","has-post-thumbnail","category-sports","tag-adult","tag-athlete","tag-ball-game","tag-be","tag-be-fr","tag-belgique","tag-belgium","tag-clothing","tag-competition","tag-determination","tag-exercising","tag-frankrijk","tag-full-length","tag-grand-chelem","tag-lifestyles","tag-men","tag-motion","tag-one-person","tag-parijs","tag-player","tag-racket-sport","tag-sports","tag-sports-clothing","tag-tennis","tag-tennis-racket","tag-vitality","tag-young-adult"],"share_on_mastodon":{"url":"https:\/\/pubeurope.com\/@be_fr\/116641974619762862","error":""},"_links":{"self":[{"href":"https:\/\/www.europesays.com\/be-fr\/wp-json\/wp\/v2\/posts\/119746","targetHints":{"allow":["GET"]}}],"collection":[{"href":"https:\/\/www.europesays.com\/be-fr\/wp-json\/wp\/v2\/posts"}],"about":[{"href":"https:\/\/www.europesays.com\/be-fr\/wp-json\/wp\/v2\/types\/post"}],"author":[{"embeddable":true,"href":"https:\/\/www.europesays.com\/be-fr\/wp-json\/wp\/v2\/users\/2"}],"replies":[{"embeddable":true,"href":"https:\/\/www.europesays.com\/be-fr\/wp-json\/wp\/v2\/comments?post=119746"}],"version-history":[{"count":0,"href":"https:\/\/www.europesays.com\/be-fr\/wp-json\/wp\/v2\/posts\/119746\/revisions"}],"wp:featuredmedia":[{"embeddable":true,"href":"https:\/\/www.europesays.com\/be-fr\/wp-json\/wp\/v2\/media\/119747"}],"wp:attachment":[{"href":"https:\/\/www.europesays.com\/be-fr\/wp-json\/wp\/v2\/media?parent=119746"}],"wp:term":[{"taxonomy":"category","embeddable":true,"href":"https:\/\/www.europesays.com\/be-fr\/wp-json\/wp\/v2\/categories?post=119746"},{"taxonomy":"post_tag","embeddable":true,"href":"https:\/\/www.europesays.com\/be-fr\/wp-json\/wp\/v2\/tags?post=119746"}],"curies":[{"name":"wp","href":"https:\/\/api.w.org\/{rel}","templated":true}]}}