{"id":119972,"date":"2026-05-26T21:27:20","date_gmt":"2026-05-26T21:27:20","guid":{"rendered":"https:\/\/www.europesays.com\/be-fr\/119972\/"},"modified":"2026-05-26T21:27:20","modified_gmt":"2026-05-26T21:27:20","slug":"fuite-de-lappareil-photo-du-vivo-x500-pro-sans-appareil-photo-de-200-megapixels","status":"publish","type":"post","link":"https:\/\/www.europesays.com\/be-fr\/119972\/","title":{"rendered":"Fuite de l&rsquo;appareil photo du Vivo X500 Pro, sans appareil photo de 200 m\u00e9gapixels"},"content":{"rendered":"<p>\t\t<a href=\"https:\/\/www.notebookcheck.biz\/fileadmin\/Notebooks\/News\/_nc5\/Vivo-X300-series63.png\" title=\"Image promotionnelle du Vivo X300 Ultra.\" data-caption=\"Image promotionnelle du Vivo X300 Ultra.\" rel=\"nofollow noopener\" target=\"_blank\"><img decoding=\"async\" src=\"https:\/\/www.europesays.com\/be-fr\/wp-content\/uploads\/2026\/05\/csm_Vivo-X300-series63_158d20972d.png\" loading=\"lazy\" width=\"240\" height=\"180\" alt=\"Image promotionnelle du Vivo X300 Ultra.\"\/><\/p>\n<p>\u24d8 Vivo<\/p>\n<p><\/a>Image promotionnelle du Vivo X300 Ultra.<\/p>\n<p>Les d\u00e9tails divulgu\u00e9s par le site chinois Digital Chat Station indiquent que le Vivo X500 Pro est \u00e9quip\u00e9 d&rsquo;un capteur primaire de 50 Mpixels d&rsquo;une taille de 1\/1,28 pouce, associ\u00e9 \u00e0 un capteur ultra-large de 50 Mpixels et \u00e0 un t\u00e9l\u00e9objectif de 64 Mpixels avec un zoom optique 3x utilisant le capteur IMX06H de Sony. Le capteur de 200 Mpx est r\u00e9serv\u00e9 \u00e0 la variante Pro Max. <\/p>\n<p class=\"bodytext\">La Digital Chat Station a r\u00e9cemment partag\u00e9, sur <a href=\"https:\/\/weibo.com\/6048569942\/R1a6DyB3Y\" target=\"_blank\" rel=\"nofollow noopener\">, les d\u00e9tails cl\u00e9s de l&rsquo;appareil photo<\/a> les d\u00e9tails cl\u00e9s de l&rsquo;appareil photo du <a href=\"http:\/\/www.notebookcheck.net\/Vivo-X500-series-makes-first-appearance-with-three-models.1292245.0.html\" target=\"_self\" class=\"internal-link\" rel=\"nofollow noopener\">Vivo X500 Pro<\/a> sur Weibo. La fuite confirme que le X500 Pro n&rsquo;aura pas le capteur de 200MP, qui sera exclusif au Pro Max.&#13;<\/p>\n<p class=\"bodytext\">Au lieu de cela, le X500 Pro disposera d&rsquo;un capteur primaire de 50 Mpx, de grande taille (1\/1,28 pouce), ainsi que d&rsquo;un objectif ultra-large de 50 Mpx. Il semble que Vivo optera pour un t\u00e9l\u00e9objectif p\u00e9riscopique de 64 m\u00e9gapixels avec un zoom optique 3x pour zoomer.<\/p>\n<p>\tStation de chat num\u00e9rique sur Weibo.<\/p>\n<p class=\"bodytext\">Beaucoup s&rsquo;attendaient \u00e0 ce que la soci\u00e9t\u00e9 utilise le c\u00e9l\u00e8bre capteur OmniVision OV64B, mais l&rsquo;auteur de la fuite a pr\u00e9cis\u00e9 que Vivo utilisait plut\u00f4t le nouveau capteur IMX06H de Sony. Le t\u00e9l\u00e9phone est \u00e9galement test\u00e9 avec le prochain chipset 2nm Dimensity 9600 de MediaTek sous le capot.&#13;<\/p>\n<p class=\"bodytext\">Outre les processeurs et les lentilles, le X500 Pro pr\u00e9sente une liste de mat\u00e9riel assez impressionnante pour un appareil compact. Il disposerait d&rsquo;un \u00e9cran plat OLED LTPO de 6,37 pouces avec une r\u00e9solution de 1,5K. Le t\u00e9l\u00e9phone serait \u00e9galement dot\u00e9 d&rsquo;une \u00e9norme batterie de 7 000 mAh.&#13;<\/p>\n<p class=\"bodytext\">Le t\u00e9l\u00e9phone devrait \u00eatre livr\u00e9 avec OriginOS 7 bas\u00e9 sur <a href=\"http:\/\/www.notebookcheck.net\/Android-17-Beta-3-fully-enables-desktop-style-multitasking.1261632.0.html\" target=\"_self\" class=\"internal-link\" rel=\"nofollow noopener\">Android 17<\/a> dans la bo\u00eete. Vivo n&rsquo;a pas encore annonc\u00e9 de date de sortie officielle, mais elle pourrait intervenir d\u00e8s le mois de septembre, avec un lancement mondial plus tard en novembre ou d\u00e9cembre.<\/p>\n<p>\t<a href=\"\"><img decoding=\"async\" src=\"https:\/\/www.europesays.com\/be-fr\/wp-content\/uploads\/2026\/05\/csm_Antony_Muchiri_profile_picture_March_2025_af38cad086.jpg\" loading=\"lazy\" width=\"120\" height=\"120\" alt=\"Antony Muchiri\"\/><\/a><a href=\"\"><img decoding=\"async\" src=\"https:\/\/www.europesays.com\/be-fr\/wp-content\/uploads\/2026\/05\/1779830840_623_csm_ninh_duy_ee54bf9777.jpg\" loading=\"lazy\" width=\"120\" height=\"120\" alt=\"DeepL \/ Ninh Duy\"\/><\/a>Translator: <a href=\"\" class=\"j_name\">Ninh Ngoc Duy<\/a> &#8211; Editorial Assistant  &#8211; 773384 articles published on Notebookcheck since 2008<\/p>\n","protected":false},"excerpt":{"rendered":"\u24d8 Vivo Image promotionnelle du Vivo X300 Ultra. Les d\u00e9tails divulgu\u00e9s par le site chinois Digital Chat Station&hellip;\n","protected":false},"author":2,"featured_media":119973,"comment_status":"","ping_status":"","sticky":false,"template":"","format":"standard","meta":{"footnotes":"","_share_on_mastodon":"0"},"categories":[70],"tags":[42381,2272,12,13,18,17,42379,37100,42378,1289,1285,1287,1286,73,71,75,72,42382,42380,76,74,1288,20605],"class_list":["post-119972","post","type-post","status-publish","format-standard","has-post-thumbnail","category-sciences-et-technologies","tag-7000mah-battery","tag-android-17","tag-be","tag-be-fr","tag-belgique","tag-belgium","tag-compact-flagship","tag-digital-chat-station","tag-dimensity-9600","tag-informations-sur-des-ordinateurs-portatifs","tag-nouvelles","tag-rapport","tag-revues","tag-science","tag-science-and-technology","tag-sciences","tag-sciences-et-technologies","tag-smartphone-leak","tag-sony-imx06h","tag-technologies","tag-technology","tag-test","tag-vivo-x500-pro"],"share_on_mastodon":{"url":"https:\/\/pubeurope.com\/@be_fr\/116643001006559954","error":""},"_links":{"self":[{"href":"https:\/\/www.europesays.com\/be-fr\/wp-json\/wp\/v2\/posts\/119972","targetHints":{"allow":["GET"]}}],"collection":[{"href":"https:\/\/www.europesays.com\/be-fr\/wp-json\/wp\/v2\/posts"}],"about":[{"href":"https:\/\/www.europesays.com\/be-fr\/wp-json\/wp\/v2\/types\/post"}],"author":[{"embeddable":true,"href":"https:\/\/www.europesays.com\/be-fr\/wp-json\/wp\/v2\/users\/2"}],"replies":[{"embeddable":true,"href":"https:\/\/www.europesays.com\/be-fr\/wp-json\/wp\/v2\/comments?post=119972"}],"version-history":[{"count":0,"href":"https:\/\/www.europesays.com\/be-fr\/wp-json\/wp\/v2\/posts\/119972\/revisions"}],"wp:featuredmedia":[{"embeddable":true,"href":"https:\/\/www.europesays.com\/be-fr\/wp-json\/wp\/v2\/media\/119973"}],"wp:attachment":[{"href":"https:\/\/www.europesays.com\/be-fr\/wp-json\/wp\/v2\/media?parent=119972"}],"wp:term":[{"taxonomy":"category","embeddable":true,"href":"https:\/\/www.europesays.com\/be-fr\/wp-json\/wp\/v2\/categories?post=119972"},{"taxonomy":"post_tag","embeddable":true,"href":"https:\/\/www.europesays.com\/be-fr\/wp-json\/wp\/v2\/tags?post=119972"}],"curies":[{"name":"wp","href":"https:\/\/api.w.org\/{rel}","templated":true}]}}