{"id":121301,"date":"2026-05-28T01:53:18","date_gmt":"2026-05-28T01:53:18","guid":{"rendered":"https:\/\/www.europesays.com\/be-fr\/121301\/"},"modified":"2026-05-28T01:53:18","modified_gmt":"2026-05-28T01:53:18","slug":"roland-garros-sinner-sabalenka-et-gauff-deroulent-medvedev-coule-dans-la-fournaise-parisienne-une-elimination-surprise-chez-les-dames","status":"publish","type":"post","link":"https:\/\/www.europesays.com\/be-fr\/121301\/","title":{"rendered":"Roland-Garros: Sinner, Sabalenka et Gauff d\u00e9roulent, Medvedev coule dans la fournaise parisienne, une \u00e9limination surprise chez les dames!"},"content":{"rendered":"<p class=\"ap-StoryElement ap-StoryElement--mb ap-StoryText\">Irr\u00e9guli\u00e8re dans le premier set (4-0 puis 5-4), Sabalenka a ensuite d\u00e9roul\u00e9 pour s&rsquo;imposer en une heure et quart et prendre rendez-vous avec la Fran\u00e7aise Elsa Jacquemot (67e) au deuxi\u00e8me tour.<\/p>\n<p class=\"ap-StoryElement ap-StoryElement--mb ap-StoryText\">Malgr\u00e9 une entame de match poussive o\u00f9 elle a \u00e9t\u00e9 men\u00e9e 3-1, la tenante du titre Coco Gauff (4e) n&rsquo;a elle aussi fait qu&rsquo;une bouch\u00e9e de sa compatriote am\u00e9ricaine Taylor Townsend (6-4, 6-0). Elle affrontera au 2e tour l&rsquo;\u00c9gyptienne Mayar Sherif(129e).<\/p>\n<p class=\"ap-StoryElement ap-StoryElement--mb ap-StoryText\">Parmi les autres r\u00e9sultats notables du jour dans le tableau f\u00e9minin, le grand retour de Lo\u00efs Boisson (43e) un an apr\u00e8s son \u00e9pop\u00e9e jusqu&rsquo;au dernier carr\u00e9 a tourn\u00e9 court. Arriv\u00e9e 361e mondiale l&rsquo;an dernier et tombeuse de trois t\u00eates de s\u00e9rie sur la voie l&rsquo;ayant men\u00e9 jusqu&rsquo;en demi-finale, la Fran\u00e7aise a chut\u00e9 cette fois 6-2, 6-2 au premier tour de l&rsquo;\u00e9dition 2026 contre la Russe Anna Kalinskaya.<\/p>\n<p class=\"ap-StoryElement ap-StoryElement--mb ap-StoryText\">\u00ab\u00a0J&rsquo;aime le tennis. (Mais) je n&rsquo;y joue pas assez souvent \u00e0 mon go\u00fbt tous les ans\u00a0\u00bb, a d\u00e9plor\u00e9 une Boisson aux yeux humides en conf\u00e9rence de presse, apr\u00e8s avoir \u00e9t\u00e9 \u00e9loign\u00e9e sept mois du circuit pour des blessures \u00e0 la jambe gauche et \u00e0 l&rsquo;avant-bras droit.<\/p>\n<p class=\"ap-StoryElement ap-StoryElement--mb ap-StoryText\">Domin\u00e9e 1-6, 6-3, 6-3 par l&rsquo;Australienne Kimberly Birrell (85e), la 5e mondiale Jessica Pegula a \u00e9galement disparu au premier tour, devenant la premi\u00e8re membre du top 10 f\u00e9minin \u00e0 quitter Paris.<\/p>\n<p class=\"ap-StoryElement ap-StoryElement--mb ap-StoryText\">L&rsquo;ex-N.1 mondiale Naomi Osaka (16e) s&rsquo;est qualifi\u00e9e en deux sets, comme la Canadienne Victoria Mboko (9e) et l&rsquo;Am\u00e9ricaine Madison Keys (19e).<\/p>\n<p class=\"ap-StoryElement ap-StoryElement--mb ap-StoryText\">La quadruple laur\u00e9ate du tournoi Iga Swiatek (3e) et la N.2 mondiale Elena Rybakina disputeront mercredi leur deuxi\u00e8me tour, respectivement contre la Tch\u00e8que Sara Bejlek (35e) et l&rsquo;Ukrainienne Yuliia Starodutseva (55e).<\/p>\n<p>Medvedev encore dehors <\/p>\n<p class=\"ap-StoryElement ap-StoryElement--mb ap-StoryText\">Daniil Medvedev et Roland-Garros, c&rsquo;est compliqu\u00e9: le Russe s&rsquo;est inclin\u00e9 au premier tour pour la septi\u00e8me fois en dix participations, battu 6-2, 1-6, 6-1, 1-6, 6-4 par l&rsquo;Australien Adam Walton (97e), invit\u00e9 par les organisateurs.<\/p>\n<p class=\"ap-StoryElement ap-StoryElement--mb ap-StoryText\">\u00ab\u00a0La chaleur (&#8230;) ne m&rsquo;a pas pos\u00e9 de gros probl\u00e8mes\u00a0\u00bb, a affirm\u00e9 le Russe en conf\u00e9rence de presse. \u00ab\u00a0Je n&rsquo;ai pas envie de me trouver des excuses. Je sais qu&rsquo;\u00e0 Roland?Garros, je ne joue pas toujours mon meilleur jeu\u00a0\u00bb, a reconnu celui qui avait pourtant pouss\u00e9 Sinner dans ses retranchements mi-mai en demi-finales du Masters 1000 de Rome.<\/p>\n<p class=\"ap-StoryElement ap-StoryElement--mb ap-StoryText\">Quart de finaliste \u00e0 Paris en 2025, le 10e mondial Alexander Bublik a mordu la poussi\u00e8re d\u00e8s le premier tour, \u00e9limin\u00e9 en quatre sets par l&rsquo;Allemand Jan-Lennard Struff (80e).<\/p>\n<p class=\"ap-StoryElement ap-StoryElement--mb ap-StoryText\">Le grand espoir fran\u00e7ais Mo\u00efse Kouame s&rsquo;est offert \u00e0 17 ans \u00e0 peine sa premi\u00e8re victoire en Grand Chelem en dominant le gagnant de l&rsquo;US Open 2014 Marin Cilic (46e mondial \u00e0 37 ans) 7-6 (7\/4), 6-2, 6-1 en 2h38.<\/p>\n<p class=\"ap-StoryElement ap-StoryElement--mb ap-StoryText\">\u00ab\u00a0Pour son \u00e2ge, il montre tellement de sang-froid\u00a0\u00bb, l&rsquo;a compliment\u00e9 sa victime croate. \u00ab\u00a0Il a tr\u00e8s bien jou\u00e9 lors des points les plus importants, \u00e7a montre son caract\u00e8re.\u00a0\u00bb<\/p>\n<p class=\"ap-StoryElement ap-StoryElement--mb ap-StoryText\">Place mercredi au deuxi\u00e8me tour de la l\u00e9gende serbe Novak Djokovic (4e), en qu\u00eate d&rsquo;un 25e titre record en Grand Chelem, et du finaliste de l&rsquo;\u00e9dition 2024 Alexander Zverev (3e).<\/p>\n","protected":false},"excerpt":{"rendered":"Irr\u00e9guli\u00e8re dans le premier set (4-0 puis 5-4), Sabalenka a ensuite d\u00e9roul\u00e9 pour s&rsquo;imposer en une heure et&hellip;\n","protected":false},"author":2,"featured_media":121302,"comment_status":"","ping_status":"","sticky":false,"template":"","format":"standard","meta":{"footnotes":"","_share_on_mastodon":"0"},"categories":[81],"tags":[41,42764,17699,12,13,18,17,30231,42757,10829,42762,42760,30230,42758,42759,42765,42763,42766,34017,84,42761,443,42767],"class_list":["post-121301","post","type-post","status-publish","format-standard","has-post-thumbnail","category-sports","tag-41","tag-adam-walton","tag-aryna-sabalenka","tag-be","tag-be-fr","tag-belgique","tag-belgium","tag-carlos-alcaraz","tag-cori-gauff","tag-daniil-medvedev","tag-elina-svitolina","tag-elsa-jacquemot","tag-jannik-sinner","tag-jessica-bouzas-maneiro","tag-linda-fruhvirtova","tag-matteo-berrettini","tag-mayar-sherif","tag-moise-kouame","tag-roland","tag-sports","tag-taylor-townsend","tag-tennis","tag-thierry-tulasne"],"share_on_mastodon":{"url":"https:\/\/pubeurope.com\/@be_fr\/116649709214285272","error":""},"_links":{"self":[{"href":"https:\/\/www.europesays.com\/be-fr\/wp-json\/wp\/v2\/posts\/121301","targetHints":{"allow":["GET"]}}],"collection":[{"href":"https:\/\/www.europesays.com\/be-fr\/wp-json\/wp\/v2\/posts"}],"about":[{"href":"https:\/\/www.europesays.com\/be-fr\/wp-json\/wp\/v2\/types\/post"}],"author":[{"embeddable":true,"href":"https:\/\/www.europesays.com\/be-fr\/wp-json\/wp\/v2\/users\/2"}],"replies":[{"embeddable":true,"href":"https:\/\/www.europesays.com\/be-fr\/wp-json\/wp\/v2\/comments?post=121301"}],"version-history":[{"count":0,"href":"https:\/\/www.europesays.com\/be-fr\/wp-json\/wp\/v2\/posts\/121301\/revisions"}],"wp:featuredmedia":[{"embeddable":true,"href":"https:\/\/www.europesays.com\/be-fr\/wp-json\/wp\/v2\/media\/121302"}],"wp:attachment":[{"href":"https:\/\/www.europesays.com\/be-fr\/wp-json\/wp\/v2\/media?parent=121301"}],"wp:term":[{"taxonomy":"category","embeddable":true,"href":"https:\/\/www.europesays.com\/be-fr\/wp-json\/wp\/v2\/categories?post=121301"},{"taxonomy":"post_tag","embeddable":true,"href":"https:\/\/www.europesays.com\/be-fr\/wp-json\/wp\/v2\/tags?post=121301"}],"curies":[{"name":"wp","href":"https:\/\/api.w.org\/{rel}","templated":true}]}}