{"id":122189,"date":"2026-05-28T16:49:12","date_gmt":"2026-05-28T16:49:12","guid":{"rendered":"https:\/\/www.europesays.com\/be-fr\/122189\/"},"modified":"2026-05-28T16:49:12","modified_gmt":"2026-05-28T16:49:12","slug":"de-tels-propos-sont-injurieux-nagui-depose-plainte-contre-cyril-hanouna-et-charles-alloncle","status":"publish","type":"post","link":"https:\/\/www.europesays.com\/be-fr\/122189\/","title":{"rendered":"\u00ab\u00a0De tels propos sont injurieux\u00a0\u00bb : Nagui d\u00e9pose plainte contre Cyril Hanouna et Charles Alloncle"},"content":{"rendered":"<p>\u00ab\u00a0De tels propos lui causent un pr\u00e9judice\u00a0\u00bb<\/p>\n<p class=\"ap-StoryElement ap-StoryElement--mb ap-StoryText\">\u00ab\u00a0Cyril Hanouna multiplie les attaques contre Nagui et ses \u00e9missions depuis longtemps. Nagui ne peut pas se laisser traiter de &lsquo;super connard&rsquo; publiquement sans r\u00e9agir. De tels propos sont injurieux et lui causent \u00e9videmment un pr\u00e9judice\u00a0\u00bb, a d\u00e9clar\u00e9 Isabelle Wekstein, l&rsquo;avocate du pr\u00e9sentateur de France 2, au Parisien. Elle pr\u00e9cise que la star de W9 est cibl\u00e9e en tant qu&rsquo;auteur pour la s\u00e9quence diffus\u00e9e en direct, ainsi qu&rsquo;en tant que complice pour les replays sur la plateforme de M6. Un juge d&rsquo;instruction doit d\u00e9sormais \u00eatre d\u00e9sign\u00e9.<\/p>\n<p class=\"ap-StoryElement ap-StoryElement--mb ap-StoryText\">De son c\u00f4t\u00e9, le groupe de la Six a assur\u00e9 ne pas \u00eatre au courant de cette plainte. Cyril Hanouna, lui, a pr\u00e9cis\u00e9 ne \u00ab\u00a0pas du tout \u00eatre au courant\u00a0\u00bb de cette poursuite en justice. \u00ab\u00a0S&rsquo;il pense que les juges n&rsquo;ont pas assez de travail comme \u00e7a pour les emb\u00eater avec des histoires aussi futiles, c&rsquo;est son probl\u00e8me. Il est hors sol total. Il perd pied et \u00e7a me fait de la peine pour lui\u00a0\u00bb, a confi\u00e9 le pr\u00e9sentateur de \u00ab\u00a0Tout beau tout neuf\u00a0\u00bb.<\/p>\n<p><a href=\"https:\/\/www.parismatch.be\/culture\/medias\/2026\/05\/14\/il-nous-a-fait-part-de-son-souhait-darreter-cette-emission-nagui-dit-adieu-a-un-celebre-programme-quotidien-HBCFINALFREDDLX3CRXIPVNEAE\/\" target=\"_self\" class=\"ap-StoryInterstitialLink ap-StoryElement ap-StoryElement--mb\" rel=\"nofollow noopener\">\u00ab\u00a0Il nous a fait part de son souhait d&rsquo;arr\u00eater cette \u00e9mission\u00a0\u00bb: Nagui dit adieu \u00e0 un c\u00e9l\u00e8bre programme quotidien<\/a>\u00ab\u00a0Un raid num\u00e9rique d&rsquo;une violence rare\u00a0\u00bb<\/p>\n<p class=\"ap-StoryElement ap-StoryElement--mb ap-StoryText\">Par ailleurs, le 11 f\u00e9vrier dernier, Nagui avait annonc\u00e9 sur les r\u00e9seaux sociaux avoir d\u00e9pos\u00e9 une plainte contre X pour cyberharc\u00e8lement, \u00e0 la suite d'\u00a0\u00bbinjures\u00a0\u00bb et de \u00ab\u00a0menaces de mort\u00a0\u00bb. La proc\u00e9dure est d\u00e9clench\u00e9e, selon lui, par les <a href=\"https:\/\/www.parismatch.be\/culture\/medias\/2026\/04\/01\/nagui-accuse-de-senrichir-sur-le-dos-de-laudiovisuel-public-il-se-defend-et-denonce-une-campagne-de-haine-LVEAKALUDZCXZBP6AAYGNCWZ7E\/\" target=\"_self\" rel=\"nofollow noopener\">\u00ab\u00a0insinuations\u00a0\u00bb de Charles Alloncle sur ses revenus<\/a> lors d&rsquo;une interview vid\u00e9o sur Youtube. Selon Le Parisien, une nouvelle plainte a \u00e9t\u00e9 d\u00e9pos\u00e9e le 20 mai en visant directement le rapporteur de la commission d&rsquo;enqu\u00eate pour \u00ab\u00a0complicit\u00e9 de harc\u00e8lement moral aggrav\u00e9\u00a0\u00bb.<\/p>\n<p><a href=\"https:\/\/www.parismatch.be\/culture\/medias\/2026\/04\/03\/cest-la-triste-verite-nagui-victime-de-menaces-contraint-de-prendre-une-mesure-radicale-pour-proteger-sa-famille-7H2K26NCRRH6RKXVDAZIZHRTRU\/\" target=\"_self\" class=\"ap-StoryInterstitialLink ap-StoryElement ap-StoryElement--mb\" rel=\"nofollow noopener\">\u00ab\u00a0C&rsquo;est la triste v\u00e9rit\u00e9\u00a0\u00bb: Nagui, victime de menaces, contraint de prendre une mesure radicale pour prot\u00e9ger sa famille<\/a><\/p>\n<p class=\"ap-StoryElement ap-StoryElement--mb ap-StoryText\">\u00ab\u00a0<a href=\"https:\/\/www.parismatch.be\/culture\/medias\/2026\/01\/06\/accuse-de-senrichir-sur-largent-public-par-un-depute-nagui-repond-cash-serait-ce-une-volonte-de-declencher-lire-populiste-VM6WLUPDD5A2XNJVG4GGZS5UBY\/\" target=\"_self\" rel=\"nofollow noopener\">Charles Alloncle<\/a> a prof\u00e9r\u00e9 des accusations graves et fausses \u00e0 l&rsquo;encontre de Nagui pendant des mois, et bien qu&rsquo;alert\u00e9 des menaces subies par ce dernier et du cyberharc\u00e8lement dont il \u00e9tait victime, a poursuivi sciemment ses agissements, l&rsquo;exposant chaque fois \u00e0 un raid num\u00e9rique d&rsquo;une violence rare\u00a0\u00bb, a indiqu\u00e9 le conseil du pr\u00e9sentateur de &lsquo;Taratata&rsquo;.<\/p>\n<p class=\"ap-StoryElement ap-StoryElement--mb ap-StoryText\">Pour sa part, contact\u00e9 par le journal francilien, le d\u00e9put\u00e9 proche d&rsquo;\u00c9ric Ciotti a affirm\u00e9 ne pas avoir \u00e9t\u00e9 inform\u00e9 de cette plainte. Il avait en revanche lanc\u00e9 une proc\u00e9dure en avril contre Nagui. Il avait estim\u00e9 que les d\u00e9clarations du pr\u00e9sentateur sur son p\u00e8re dans \u00ab\u00a0Quotidien\u00a0\u00bb \u00e9taient \u00ab\u00a0indignes\u00a0\u00bb et \u00ab\u00a0diffamatoires\u00a0\u00bb.<\/p>\n","protected":false},"excerpt":{"rendered":"\u00ab\u00a0De tels propos lui causent un pr\u00e9judice\u00a0\u00bb \u00ab\u00a0Cyril Hanouna multiplie les attaques contre Nagui et ses \u00e9missions depuis&hellip;\n","protected":false},"author":2,"featured_media":122190,"comment_status":"","ping_status":"","sticky":false,"template":"","format":"standard","meta":{"footnotes":"","_share_on_mastodon":"0"},"categories":[102],"tags":[12,13,18,17,129,128,10009,2145,96,95,1824,109,4576],"class_list":["post-122189","post","type-post","status-publish","format-standard","has-post-thumbnail","category-people","tag-be","tag-be-fr","tag-belgique","tag-belgium","tag-celebrities","tag-celebrity","tag-charles-alloncle","tag-cyril-hanouna","tag-divertissement","tag-entertainment","tag-nagui","tag-people","tag-plainte"],"share_on_mastodon":{"url":"https:\/\/pubeurope.com\/@be_fr\/116653232411199494","error":""},"_links":{"self":[{"href":"https:\/\/www.europesays.com\/be-fr\/wp-json\/wp\/v2\/posts\/122189","targetHints":{"allow":["GET"]}}],"collection":[{"href":"https:\/\/www.europesays.com\/be-fr\/wp-json\/wp\/v2\/posts"}],"about":[{"href":"https:\/\/www.europesays.com\/be-fr\/wp-json\/wp\/v2\/types\/post"}],"author":[{"embeddable":true,"href":"https:\/\/www.europesays.com\/be-fr\/wp-json\/wp\/v2\/users\/2"}],"replies":[{"embeddable":true,"href":"https:\/\/www.europesays.com\/be-fr\/wp-json\/wp\/v2\/comments?post=122189"}],"version-history":[{"count":0,"href":"https:\/\/www.europesays.com\/be-fr\/wp-json\/wp\/v2\/posts\/122189\/revisions"}],"wp:featuredmedia":[{"embeddable":true,"href":"https:\/\/www.europesays.com\/be-fr\/wp-json\/wp\/v2\/media\/122190"}],"wp:attachment":[{"href":"https:\/\/www.europesays.com\/be-fr\/wp-json\/wp\/v2\/media?parent=122189"}],"wp:term":[{"taxonomy":"category","embeddable":true,"href":"https:\/\/www.europesays.com\/be-fr\/wp-json\/wp\/v2\/categories?post=122189"},{"taxonomy":"post_tag","embeddable":true,"href":"https:\/\/www.europesays.com\/be-fr\/wp-json\/wp\/v2\/tags?post=122189"}],"curies":[{"name":"wp","href":"https:\/\/api.w.org\/{rel}","templated":true}]}}