{"id":122575,"date":"2026-05-29T01:09:10","date_gmt":"2026-05-29T01:09:10","guid":{"rendered":"https:\/\/www.europesays.com\/be-fr\/122575\/"},"modified":"2026-05-29T01:09:10","modified_gmt":"2026-05-29T01:09:10","slug":"lenovo-lance-un-nouvel-ordinateur-portable-de-16-pouces-dote-de-processeurs-amd-et-dun-ecran-de-500-nits","status":"publish","type":"post","link":"https:\/\/www.europesays.com\/be-fr\/122575\/","title":{"rendered":"Lenovo lance un nouvel ordinateur portable de 16 pouces dot\u00e9 de processeurs AMD et d&rsquo;un \u00e9cran de 500 nits"},"content":{"rendered":"<p class=\"bodytext\">Au moment o\u00f9 nous \u00e9crivons ces lignes, Lenovo facture cette configuration \u00e0 1 639 dollars aux \u00c9tats-Unis. En revanche, l&rsquo;ordinateur portable est disponible au Canada au prix de 2 279 CAD (~1 651 $). Malheureusement, Lenovo n&rsquo;a pas confirm\u00e9 quand il pr\u00e9voyait d&rsquo;\u00e9tendre les options de configuration en Am\u00e9rique du Nord.<\/p>\n<p class=\"bodytext\">Pendant ce temps, l&rsquo;Australie a re\u00e7u <a href=\"http:\/\/www.notebookcheck.net\/AMD-Ryzen-AI-5-PRO-440-Processor-Benchmarks-and-Specs.1198884.0.html\" target=\"_self\" rel=\"nofollow noopener\">Ryzen AI 5 Pro 440<\/a> et <a href=\"http:\/\/www.notebookcheck.net\/AMD-Ryzen-AI-7-PRO-450-Processor-Benchmarks-and-Specs.1198883.0.html\" target=\"_self\" rel=\"nofollow noopener\">Ryzen AI 7 Pro 450<\/a> avec jusqu&rsquo;\u00e0 64 Go de RAM et 2 To de stockage. Un modem cellulaire 4G peut \u00e9galement \u00eatre configur\u00e9, de m\u00eame que des batteries de 60 Wh ou 75 Wh. Le prix commence \u00e0 2 359 AUD en Australie (~1 688 $) et s&rsquo;\u00e9l\u00e8ve \u00e0 6 259 AUD (~4 480 $) pour une unit\u00e9 enti\u00e8rement configur\u00e9e.<\/p>\n","protected":false},"excerpt":{"rendered":"Au moment o\u00f9 nous \u00e9crivons ces lignes, Lenovo facture cette configuration \u00e0 1 639 dollars aux \u00c9tats-Unis. En&hellip;\n","protected":false},"author":2,"featured_media":122576,"comment_status":"","ping_status":"","sticky":false,"template":"","format":"standard","meta":{"footnotes":"","_share_on_mastodon":"0"},"categories":[70],"tags":[32473,24624,42645,12,13,18,17,1289,2911,10616,1285,43020,1287,1286,73,71,75,72,76,74,1288,42747,37856,26922,43019],"class_list":["post-122575","post","type-post","status-publish","format-standard","has-post-thumbnail","category-sciences-et-technologies","tag-16-pouces","tag-amd-gorgon-point","tag-amd-ryzen-ai-400","tag-be","tag-be-fr","tag-belgique","tag-belgium","tag-informations-sur-des-ordinateurs-portatifs","tag-lenovo","tag-lenovo-thinkpad","tag-nouvelles","tag-ordinateur-portable-16-pouces","tag-rapport","tag-revues","tag-science","tag-science-and-technology","tag-sciences","tag-sciences-et-technologies","tag-technologies","tag-technology","tag-test","tag-thinkpad-16-pouces","tag-thinkpad-t16","tag-thinkpad-t16-gen-5","tag-thinkpad-t16-gen-5-amd"],"share_on_mastodon":{"url":"https:\/\/pubeurope.com\/@be_fr\/116655198337730885","error":""},"_links":{"self":[{"href":"https:\/\/www.europesays.com\/be-fr\/wp-json\/wp\/v2\/posts\/122575","targetHints":{"allow":["GET"]}}],"collection":[{"href":"https:\/\/www.europesays.com\/be-fr\/wp-json\/wp\/v2\/posts"}],"about":[{"href":"https:\/\/www.europesays.com\/be-fr\/wp-json\/wp\/v2\/types\/post"}],"author":[{"embeddable":true,"href":"https:\/\/www.europesays.com\/be-fr\/wp-json\/wp\/v2\/users\/2"}],"replies":[{"embeddable":true,"href":"https:\/\/www.europesays.com\/be-fr\/wp-json\/wp\/v2\/comments?post=122575"}],"version-history":[{"count":0,"href":"https:\/\/www.europesays.com\/be-fr\/wp-json\/wp\/v2\/posts\/122575\/revisions"}],"wp:featuredmedia":[{"embeddable":true,"href":"https:\/\/www.europesays.com\/be-fr\/wp-json\/wp\/v2\/media\/122576"}],"wp:attachment":[{"href":"https:\/\/www.europesays.com\/be-fr\/wp-json\/wp\/v2\/media?parent=122575"}],"wp:term":[{"taxonomy":"category","embeddable":true,"href":"https:\/\/www.europesays.com\/be-fr\/wp-json\/wp\/v2\/categories?post=122575"},{"taxonomy":"post_tag","embeddable":true,"href":"https:\/\/www.europesays.com\/be-fr\/wp-json\/wp\/v2\/tags?post=122575"}],"curies":[{"name":"wp","href":"https:\/\/api.w.org\/{rel}","templated":true}]}}