{"id":122663,"date":"2026-05-29T05:51:07","date_gmt":"2026-05-29T05:51:07","guid":{"rendered":"https:\/\/www.europesays.com\/be-fr\/122663\/"},"modified":"2026-05-29T05:51:07","modified_gmt":"2026-05-29T05:51:07","slug":"les-proches-dantonino-falzone-racontent-quil-est-tres-marque-par-le-drame-de-strepy-il-etait-au-mauvais-endroit-au-mauvais-moment","status":"publish","type":"post","link":"https:\/\/www.europesays.com\/be-fr\/122663\/","title":{"rendered":"Les proches d&rsquo;Antonino Falzone racontent qu&rsquo;il est tr\u00e8s marqu\u00e9 par le drame de Str\u00e9py\u00a0: \u00ab\u00a0Il \u00e9tait au mauvais endroit, au mauvais moment\u00a0\u00bb"},"content":{"rendered":"<p class=\"ap-StoryElement ap-StoryElement--mb ap-StoryText\">Tr\u00e8s \u00e9mue, la m\u00e8re d&rsquo;Antonino Falzone a d\u00e9clar\u00e9 que son fils n&rsquo;avait jamais pos\u00e9 de probl\u00e8me particulier et qu&rsquo;il avait grandi dans une famille \u00ab\u00a0normale\u00a0\u00bb. L&rsquo;une de ses s\u0153urs a estim\u00e9 qu&rsquo;il s&rsquo;\u00e9tait trouv\u00e9 \u00ab\u00a0au mauvais endroit au mauvais moment\u00a0\u00bb, ajoutant qu&rsquo;il occupait un emploi stable et n&rsquo;avait jamais manifest\u00e9 d&rsquo;attrait pour la vitesse. Selon elle, il \u00e9tait g\u00e9n\u00e9ralement per\u00e7u comme quelqu&rsquo;un de \u00ab\u00a0sociable et appr\u00e9ci\u00e9\u00a0\u00bb.<\/p>\n<p>Traumatis\u00e9 \u00e0 la suite d&rsquo;une agression<\/p>\n<p class=\"ap-StoryElement ap-StoryElement--mb ap-StoryText\">Ses proches ont indiqu\u00e9 qu&rsquo;il restait profond\u00e9ment marqu\u00e9 par les \u00e9v\u00e9nements. Sa s\u0153ur a\u00een\u00e9e a notamment affirm\u00e9 qu&rsquo;il souffrait d&rsquo;un traumatisme li\u00e9 au fait de ne pas avoir pu porter assistance comme il l&rsquo;aurait souhait\u00e9. Elle a rappel\u00e9 qu&rsquo;il avait d\u00e9j\u00e0 \u00e9t\u00e9 victime d&rsquo;une agression alors qu&rsquo;il tentait d&rsquo;aider des connaissances et s&rsquo;est dite convaincue qu&rsquo;il serait intervenu s&rsquo;il en avait eu la possibilit\u00e9.<\/p>\n<p class=\"ap-StoryElement ap-StoryElement--mb ap-StoryText\">Selon ses d\u00e9clarations \u00e0 sa s\u0153ur, Antonino Falzone se serait r\u00e9veill\u00e9 au milieu de la nuit sans comprendre imm\u00e9diatement ce qui venait de se produire. Son beau-fr\u00e8re l&rsquo;a quant \u00e0 lui d\u00e9crit comme une personne \u00ab\u00a0serviable et amicale\u00a0\u00bb. Son p\u00e8re, submerg\u00e9 par l&rsquo;\u00e9motion, n&rsquo;a pas \u00e9t\u00e9 en mesure de s&rsquo;exprimer devant la cour.<\/p>\n<p class=\"ap-StoryElement ap-StoryElement--mb ap-StoryText\">Interrog\u00e9es sur le parcours automobile de leur fr\u00e8re, ses s\u0153urs ont expliqu\u00e9 qu&rsquo;il avait poss\u00e9d\u00e9 plusieurs v\u00e9hicules, dont une Fiat 500, une Fiat Punto et une Volkswagen Polo. Elles ont affirm\u00e9 qu&rsquo;il consid\u00e9rait la voiture comme \u00ab\u00a0un simple moyen de transport\u00a0\u00bb et qu&rsquo;il respectait le Code de la route. Elles ont \u00e9galement indiqu\u00e9 lui avoir confi\u00e9 \u00e0 plusieurs reprises le transport de leurs enfants. Preuve qu&rsquo;il n&rsquo;aimait pas la vitesse, comme il l&rsquo;a encore d\u00e9clar\u00e9 jeudi matin.<\/p>\n<p><a href=\"https:\/\/www.lavenir.net\/regions\/mons-centre\/la-louviere\/2026\/05\/28\/la-compagne-de-paolo-falzone-est-tombee-enceinte-apres-un-mois-de-relation-on-voulait-cet-enfant-tous-les-deux-ZPQOYDUTNRHOFOLUQ7MEBHCEX4\/\" target=\"_self\" class=\"ap-StoryInterstitialLink ap-StoryElement ap-StoryElement--mb\" rel=\"nofollow noopener\">Proc\u00e8s Falzone : \u00ab\u00a0On voulait cet enfant tous les deux\u00a0\u00bb, d\u00e9clare la compagne de Paolo \u00e0 l&rsquo;audience<\/a><\/p>\n<p class=\"ap-StoryElement ap-StoryElement--mb ap-StoryText\">La famille a insist\u00e9 sur l&rsquo;importance accord\u00e9e au travail et \u00e0 l&rsquo;autonomie financi\u00e8re dans leur \u00e9ducation. Selon ses proches, Antonino Falzone a profond\u00e9ment chang\u00e9 depuis le drame. Sa s\u0153ur a d\u00e9clar\u00e9 qu&rsquo;il avait quitt\u00e9 le domicile parental afin de prot\u00e9ger ses parents apr\u00e8s avoir re\u00e7u des menaces. Elle a \u00e9galement \u00e9voqu\u00e9 une importante perte de poids ainsi qu&rsquo;une d\u00e9tresse visible chez son fr\u00e8re.<\/p>\n<p>L&rsquo;ex-compagne t\u00e9moigne<\/p>\n<p class=\"ap-StoryElement ap-StoryElement--mb ap-StoryText\">La cour a \u00e9galement entendu une ancienne compagne avec laquelle Antonino Falzone a v\u00e9cu durant cinq ans. Celle-ci a d\u00e9crit une relation qui s&rsquo;est progressivement d\u00e9grad\u00e9e en raison de divergences de caract\u00e8re et de mode de vie. Elle a \u00e9voqu\u00e9 un comportement qu&rsquo;elle jugeait parfois directif, possessif et jaloux, tout en pr\u00e9cisant qu&rsquo;il ne s&rsquo;\u00e9tait jamais montr\u00e9 violent physiquement \u00e0 son \u00e9gard. La relation a pris fin en 2021.<\/p>\n<p class=\"ap-StoryElement ap-StoryElement--mb ap-StoryText\">Le p\u00e8re de cette ancienne compagne a, pour sa part, indiqu\u00e9 avoir entretenu de bonnes relations avec Antonino Falzone et sa famille. Il a d\u00e9clar\u00e9 que ce dernier semblait affect\u00e9 par la situation et ne la prenait pas \u00e0 la l\u00e9g\u00e8re.<\/p>\n<p>La m\u00e8re de son fils<\/p>\n<p class=\"ap-StoryElement ap-StoryElement--mb ap-StoryText\">Enfin, la compagne actuelle d&rsquo;Antonino Falzone, m\u00e8re de son enfant, a \u00e9t\u00e9 entendue \u00e0 son tour. Institutrice maternelle, elle a expliqu\u00e9 avoir rencontr\u00e9 Antonino Falzone en avril 2023 sans conna\u00eetre son implication dans le dossier. \u00ab\u00a0Il tournait autour du pot\u00a0\u00bb. Elle a relat\u00e9 que celui-ci lui avait expliqu\u00e9 avoir \u00e9t\u00e9 passager du v\u00e9hicule au moment des faits. Malgr\u00e9 cette r\u00e9v\u00e9lation, leur relation s&rsquo;est poursuivie et le couple a d\u00e9cid\u00e9 de mener \u00e0 terme une grossesse survenue alors qu&rsquo;une contraception \u00e9tait utilis\u00e9e.<\/p>\n<p class=\"ap-StoryElement ap-StoryElement--mb ap-StoryText\">Apr\u00e8s la naissance de leur enfant, Antonino Falzone s&rsquo;est occup\u00e9 du b\u00e9b\u00e9 pendant qu&rsquo;elle reprenait son activit\u00e9 professionnelle. Selon elle, il lui a toujours expliqu\u00e9 qu&rsquo;il dormait dans la voiture au moment des faits et qu&rsquo;il avait perdu ses moyens \u00e0 son r\u00e9veil. Elle a \u00e9galement affirm\u00e9 qu&rsquo;il demeurait fortement marqu\u00e9 psychologiquement par le drame, indiquant qu&rsquo;il pouvait d\u00e9sormais paniquer rapidement face \u00e0 des situations du quotidien.<\/p>\n<p class=\"ap-StoryElement ap-StoryElement--mb ap-StoryText\">D\u00e9crivant leur vie familiale comme \u00e9quilibr\u00e9e, elle a pr\u00e9sent\u00e9 son compagnon comme \u00ab\u00a0un bon partenaire de vie\u00a0\u00bb. Elle a estim\u00e9 qu&rsquo;il subissait lui aussi les cons\u00e9quences du drame, tout en reconnaissant que celles-ci n&rsquo;\u00e9taient pas comparables \u00e0 celles v\u00e9cues par les victimes et leurs familles.<\/p>\n","protected":false},"excerpt":{"rendered":"Tr\u00e8s \u00e9mue, la m\u00e8re d&rsquo;Antonino Falzone a d\u00e9clar\u00e9 que son fils n&rsquo;avait jamais pos\u00e9 de probl\u00e8me particulier et&hellip;\n","protected":false},"author":2,"featured_media":122664,"comment_status":"","ping_status":"","sticky":false,"template":"","format":"standard","meta":{"footnotes":"","_share_on_mastodon":"0"},"categories":[2],"tags":[8877,41,12,13,18,17,5366,1145,37759,37221,18115,2235,7867,3495,37224,37225,13100,13466,934,3216,2322,3034,1072,18552,6126],"class_list":["post-122663","post","type-post","status-publish","format-standard","has-post-thumbnail","category-belgique","tag-didelebrun-mons","tag-41","tag-be","tag-be-fr","tag-belgique","tag-belgium","tag-bergen","tag-carnaval","tag-carnavalesque","tag-carnival","tag-cortege","tag-didier-lebrun","tag-drama","tag-drame","tag-folklore","tag-gille","tag-gilles","tag-jury","tag-justice","tag-justitie","tag-mons","tag-parade","tag-proces","tag-tragedie","tag-tragedy"],"share_on_mastodon":{"url":"https:\/\/pubeurope.com\/@be_fr\/116656307559486817","error":""},"_links":{"self":[{"href":"https:\/\/www.europesays.com\/be-fr\/wp-json\/wp\/v2\/posts\/122663","targetHints":{"allow":["GET"]}}],"collection":[{"href":"https:\/\/www.europesays.com\/be-fr\/wp-json\/wp\/v2\/posts"}],"about":[{"href":"https:\/\/www.europesays.com\/be-fr\/wp-json\/wp\/v2\/types\/post"}],"author":[{"embeddable":true,"href":"https:\/\/www.europesays.com\/be-fr\/wp-json\/wp\/v2\/users\/2"}],"replies":[{"embeddable":true,"href":"https:\/\/www.europesays.com\/be-fr\/wp-json\/wp\/v2\/comments?post=122663"}],"version-history":[{"count":0,"href":"https:\/\/www.europesays.com\/be-fr\/wp-json\/wp\/v2\/posts\/122663\/revisions"}],"wp:featuredmedia":[{"embeddable":true,"href":"https:\/\/www.europesays.com\/be-fr\/wp-json\/wp\/v2\/media\/122664"}],"wp:attachment":[{"href":"https:\/\/www.europesays.com\/be-fr\/wp-json\/wp\/v2\/media?parent=122663"}],"wp:term":[{"taxonomy":"category","embeddable":true,"href":"https:\/\/www.europesays.com\/be-fr\/wp-json\/wp\/v2\/categories?post=122663"},{"taxonomy":"post_tag","embeddable":true,"href":"https:\/\/www.europesays.com\/be-fr\/wp-json\/wp\/v2\/tags?post=122663"}],"curies":[{"name":"wp","href":"https:\/\/api.w.org\/{rel}","templated":true}]}}