{"id":123954,"date":"2026-05-30T06:31:16","date_gmt":"2026-05-30T06:31:16","guid":{"rendered":"https:\/\/www.europesays.com\/be-fr\/123954\/"},"modified":"2026-05-30T06:31:16","modified_gmt":"2026-05-30T06:31:16","slug":"wrc-japon-solberg-toyota-craque-neuville-hyundai-perd-pied-cest-un-vrai-cauchemar","status":"publish","type":"post","link":"https:\/\/www.europesays.com\/be-fr\/123954\/","title":{"rendered":"WRC Japon: Solberg (Toyota) craque\u00a0; Neuville (Hyundai) perd pied\u00a0: \u00ab\u00a0C&rsquo;est un vrai cauchemar\u00a0!\u00a0\u00bb"},"content":{"rendered":"<p class=\"ap-StoryElement ap-StoryElement--mb ap-StoryText\">Heurtant un arbre avec la roue arri\u00e8re droite, le jeune pilote Toyota planta le nez de sa voiture en contrebas de la route. Un peu comme en Croatie, Oliver Solberg venait de jouer avec le feu et de s&rsquo;y br\u00fbler\u2026<\/p>\n<p>guillement<\/p>\n<p class=\"ap-StoryQuote-text\">Cela ne m&rsquo;\u00e9tonne pas !<\/p>\n<p class=\"ap-StoryElement ap-StoryElement--mb ap-StoryText\">\u00ab\u00a0Cela ne m&rsquo;\u00e9tonne pas, lan\u00e7ait S\u00e9bastien Ogier, impitoyable envers son \u00e9quipier en apprenant sa sortie de route. Le rythme qu&rsquo;il tient depuis ce matin \u00e9tait trop \u00e9lev\u00e9. Il prenait beaucoup trop de risques\u2026\u00a0\u00bb<\/p>\n<p class=\"ap-StoryElement ap-StoryElement--mb ap-StoryText\">Et pour cause : \u00e0 mi-sp\u00e9ciale, \u00e0 l&rsquo;endroit de sa sortie Solberg affichait 2 secondes de mieux qu&rsquo;Ogier et avait d\u00e9j\u00e0 repris 4 secondes \u00e0 Evans !<\/p>\n<p class=\"ap-StoryElement ap-StoryElement--mb ap-StoryText\">Sur des routes s\u00e8ches et sous des temp\u00e9ratures plus \u00e9lev\u00e9es que la veille, les pneus durs \u00e9taient de sortie de grand matin au pays du soleil levant. Une mauvaise nouvelle pour Thierry Neuville dont l&rsquo;\u00e9quation style de pilotage, voiture et pneus ne fonctionne que trop rarement sur ce type de terrain.<\/p>\n<p>guillement<\/p>\n<p class=\"ap-StoryQuote-text\">C&rsquo;est de pire en pire !<\/p>\n<p class=\"ap-StoryElement ap-StoryElement--mb ap-StoryText\">Pass\u00e9 d&#8217;embl\u00e9e par la Toyota Yaris d&rsquo;un Takamoto Katsuta retrouv\u00e9, notre compatriote n&rsquo;arrivait cependant pas non plus \u00e0 r\u00e9sister au rythme de son \u00e9quipier Adrien Fourmaux. Conc\u00e9dant plus de 30 sur le Nordiste en l&rsquo;espace des quatre premi\u00e8res sp\u00e9ciales du jour, Neuville se plaignait ouvertement du comportement de son i20 et\u2026 d&rsquo;une panne de frein \u00e0 main.<\/p>\n<p class=\"ap-StoryElement ap-StoryElement--mb ap-StoryText\">\u00ab\u00a0C&rsquo;est un vrai cauchemar, l\u00e2chait le pilote belge. Nous changeons les r\u00e9glages, mais rien ne fonctionne. Nous sommes tr\u00e8s loin de l&rsquo;\u00e9quilibre que nous avions hier. C&rsquo;est m\u00eame de pire en pire sans que nous ne comprenions pourquoi ! Notre probl\u00e8me de frein \u00e0 mai a \u00e9t\u00e9 r\u00e9solu, m\u00eame si je le perds encore de temps en temps. Parfois la voiture offre du grip sur le train avant et ensuite, il dispara\u00eet\u2026\u00a0\u00bb<\/p>\n<p class=\"ap-StoryElement ap-StoryElement--mb ap-StoryText\">Un probl\u00e8me, sans doute, de surchauffe de pneus, li\u00e9 au style de pilotage de Neuville qui, pour compenser l&rsquo;\u00e9quilibre instable de sa Hyundai, exige plus des pneumatiques\u2026<\/p>\n<p><a href=\"https:\/\/www.wrc.com\/en\/events\/wrc-forum8-rally-japan-2026\/results-wrc-rally-japan-2026?page=results&amp;tab=overall\" target=\"_self\" rel=\"noopener noreferrer nofollow\" class=\"ap-StoryInterstitialLink ap-StoryElement ap-StoryElement--mb\">R\u00e9sultats et classements<\/a><\/p>\n","protected":false},"excerpt":{"rendered":"Heurtant un arbre avec la roue arri\u00e8re droite, le jeune pilote Toyota planta le nez de sa voiture&hellip;\n","protected":false},"author":2,"featured_media":123955,"comment_status":"","ping_status":"","sticky":false,"template":"","format":"standard","meta":{"footnotes":"","_share_on_mastodon":"0"},"categories":[81],"tags":[4086,41,142,12,13,18,17,3852,1080,482,20128,1535,1758,5474,9389,645,894,1759,20129,20130,20131,20132,1760,1761,1763,1765,1766,906,369,1767,84,38649,4087,1082,2265,1549,2266],"class_list":["post-123954","post","type-post","status-publish","format-standard","has-post-thumbnail","category-sports","tag-tomassisk","tag-41","tag-anderlecht","tag-be","tag-be-fr","tag-belgique","tag-belgium","tag-dames","tag-foot","tag-football","tag-heverlee","tag-league","tag-les-mauves","tag-leuven","tag-lotto","tag-louvain","tag-match","tag-mauves","tag-oh-leuven","tag-ohl","tag-oud","tag-oud-heverlee","tag-paars","tag-paarswit","tag-r-s-c-a","tag-rsc","tag-rsca","tag-soccer","tag-sport","tag-sporting","tag-sports","tag-super","tag-tomas-sisk","tag-voetbal","tag-vrouwen","tag-wedstrijd","tag-women"],"share_on_mastodon":{"url":"https:\/\/pubeurope.com\/@be_fr\/116662126847230940","error":""},"_links":{"self":[{"href":"https:\/\/www.europesays.com\/be-fr\/wp-json\/wp\/v2\/posts\/123954","targetHints":{"allow":["GET"]}}],"collection":[{"href":"https:\/\/www.europesays.com\/be-fr\/wp-json\/wp\/v2\/posts"}],"about":[{"href":"https:\/\/www.europesays.com\/be-fr\/wp-json\/wp\/v2\/types\/post"}],"author":[{"embeddable":true,"href":"https:\/\/www.europesays.com\/be-fr\/wp-json\/wp\/v2\/users\/2"}],"replies":[{"embeddable":true,"href":"https:\/\/www.europesays.com\/be-fr\/wp-json\/wp\/v2\/comments?post=123954"}],"version-history":[{"count":0,"href":"https:\/\/www.europesays.com\/be-fr\/wp-json\/wp\/v2\/posts\/123954\/revisions"}],"wp:featuredmedia":[{"embeddable":true,"href":"https:\/\/www.europesays.com\/be-fr\/wp-json\/wp\/v2\/media\/123955"}],"wp:attachment":[{"href":"https:\/\/www.europesays.com\/be-fr\/wp-json\/wp\/v2\/media?parent=123954"}],"wp:term":[{"taxonomy":"category","embeddable":true,"href":"https:\/\/www.europesays.com\/be-fr\/wp-json\/wp\/v2\/categories?post=123954"},{"taxonomy":"post_tag","embeddable":true,"href":"https:\/\/www.europesays.com\/be-fr\/wp-json\/wp\/v2\/tags?post=123954"}],"curies":[{"name":"wp","href":"https:\/\/api.w.org\/{rel}","templated":true}]}}