{"id":124206,"date":"2026-05-30T11:27:06","date_gmt":"2026-05-30T11:27:06","guid":{"rendered":"https:\/\/www.europesays.com\/be-fr\/124206\/"},"modified":"2026-05-30T11:27:06","modified_gmt":"2026-05-30T11:27:06","slug":"malus-pension-centenindex-et-si-ce-netaient-que-des-mises-en-bouche","status":"publish","type":"post","link":"https:\/\/www.europesays.com\/be-fr\/124206\/","title":{"rendered":"Malus pension, \u00ab\u00a0centenindex\u00a0\u00bb : et si ce n&rsquo;\u00e9taient que des mises en bouche ?"},"content":{"rendered":"<p class=\"ap-StoryElement ap-StoryElement--mb ap-StoryText\">C&rsquo;est donc fait : d\u00e8s 2027, partir en pension anticip\u00e9e, infligera une d\u00e9cote financi\u00e8re \u00e0 celui qui ne souhaite pas attendre l&rsquo;\u00e2ge l\u00e9gal. A contrario, celui qui poursuit au-del\u00e0, sera r\u00e9compens\u00e9 financi\u00e8rement. Un malus, un bonus. Un b\u00e2ton, une carotte.<\/p>\n<p><a href=\"https:\/\/www.dhnet.be\/actu\/belgique\/2026\/05\/29\/le-mr-en-chute-libre-et-le-ptb-premier-a-bruxelles-un-sondage-prevoit-des-resultats-changeants-si-on-votait-demain-5IITDKTW7ZECPOQL73BLA4JPFI\/\" target=\"_self\" class=\"ap-StoryInterstitialLink ap-StoryElement ap-StoryElement--mb\" rel=\"nofollow noopener\">Le MR en chute libre et le PTB premier \u00e0 Bruxelles : un sondage pr\u00e9voit des r\u00e9sultats changeants si on votait demain<\/a><\/p>\n<p class=\"ap-StoryElement ap-StoryElement--mb ap-StoryText\">C&rsquo;est \u00e9galement coul\u00e9 dans le marbre : le \u00ab\u00a0centenindex\u00a0\u00bb entrera en vigueur. Comprenez que les salari\u00e9s qui gagnent plus de 4.000 \u20ac bruts (ils sont nombreux) ne seront index\u00e9s que sur ces 4.000 \u20ac, pas sur le surplus. Idem pour les allocataires sociaux et les pensionn\u00e9s (encore eux) : l&rsquo;indexation ne s&rsquo;appliquera pour eux que jusqu&rsquo;au 2000\u00e8me euro brut mensuel, plus au-del\u00e0. La proposition du groupe des Dix, oppos\u00e9s \u00e0 cette r\u00e9forme, n&rsquo;aura pas \u00e9t\u00e9 retenue. Mais il n&rsquo;est pas exclu que l&rsquo;index liss\u00e9 revienne vite sur la table tout de m\u00eame&#8230; Double effet kiss cool ?<\/p>\n<p class=\"ap-StoryElement ap-StoryElement--mb ap-StoryText\">Parce que c&rsquo;est ceci qu&rsquo;il faut retenir, chers lecteurs : ces deux r\u00e9formes cl\u00e9s, grav\u00e9es du sceau de la responsabilit\u00e9 budg\u00e9taire face \u00e0 une situation \u00e9conomique rouge vif, mais aussi de l&rsquo;atteinte au pouvoir d&rsquo;achat d&rsquo;une partie importante de la population (et pas la plus ais\u00e9e) pourraient n&rsquo;\u00eatre que des (copieuses) mises en bouche. Le plat de r\u00e9sistance arrive : c&rsquo;est loin d&rsquo;\u00eatre suffisant, et il reste des milliards d&rsquo;\u00e9conomies \u00e0 trouver. On est loin du sommet du \u00ab\u00a0col hors cat\u00e9gorie\u00a0\u00bb, et d'\u00a0\u00bbhideux chameaux\u00a0\u00bb restent \u00e0 embellir. Qu&rsquo;adviendra-t-il de la r\u00e9forme de la TVA, \u00e0 laquelle on n&rsquo;\u00e9chappera pas, mais que le MR refuse toujours mordicus de voir augmenter de mani\u00e8re g\u00e9n\u00e9rale et lin\u00e9aire ?<\/p>\n<p class=\"ap-StoryElement ap-StoryElement--mb ap-StoryText\">Revenons \u00e0 notre calendrier : un sondage d&rsquo;intentions de vote, issu de la m\u00eame enqu\u00eate, para\u00eet ce jour. Il sanctionne lourdement les lib\u00e9raux, qui chutent de 28,2% \u00e0 20% en Wallonie, et perdent un tiers de leurs voix bruxelloises, par rapport au r\u00e9sultat des \u00e9lections de 2024, pour aterrir sur 14,2% des intentions. Pas forc\u00e9ment au profit de la gauche de gouvernement : si le PS redevient le premier parti wallon, il ne monte pas \u00e0 Bruxelles, o\u00f9 Ecolo faiblit encore. Non, c&rsquo;est plut\u00f4t la gauche radicale du PTB qui tire les marrons du feu&#8230; Surtout \u00e0 Bruxelles, o\u00f9 les communistes seraient leader, sur base de l&rsquo;enqu\u00eate, si l&rsquo;on votait aujourdhui, avec 24% des voix !<\/p>\n<p class=\"ap-StoryElement ap-StoryElement--mb ap-StoryText\">L&rsquo;aust\u00e9rit\u00e9, le plan d&rsquo;\u00e9conomies, la responsabilit\u00e9 budg\u00e9taire, voil\u00e0 qui pourrait se payer cher dans les urnes, o\u00f9 l&rsquo;on ne retournera pas avant 2029. Du moins si tout va bien\u2026<\/p>\n","protected":false},"excerpt":{"rendered":"C&rsquo;est donc fait : d\u00e8s 2027, partir en pension anticip\u00e9e, infligera une d\u00e9cote financi\u00e8re \u00e0 celui qui ne&hellip;\n","protected":false},"author":2,"featured_media":124207,"comment_status":"","ping_status":"","sticky":false,"template":"","format":"standard","meta":{"footnotes":"","_share_on_mastodon":"0"},"categories":[8],"tags":[4086,41,10,142,12,13,18,17,3852,1080,482,20128,1535,1758,5474,9389,645,894,1759,11,20129,20130,20131,20132,1760,1761,1763,1765,1766,906,369,1767,38649,4087,1082,2265,1549,2266],"class_list":["post-124206","post","type-post","status-publish","format-standard","has-post-thumbnail","category-actualites","tag-tomassisk","tag-41","tag-actualites","tag-anderlecht","tag-be","tag-be-fr","tag-belgique","tag-belgium","tag-dames","tag-foot","tag-football","tag-heverlee","tag-league","tag-les-mauves","tag-leuven","tag-lotto","tag-louvain","tag-match","tag-mauves","tag-news","tag-oh-leuven","tag-ohl","tag-oud","tag-oud-heverlee","tag-paars","tag-paarswit","tag-r-s-c-a","tag-rsc","tag-rsca","tag-soccer","tag-sport","tag-sporting","tag-super","tag-tomas-sisk","tag-voetbal","tag-vrouwen","tag-wedstrijd","tag-women"],"share_on_mastodon":{"url":"https:\/\/pubeurope.com\/@be_fr\/116663290818963808","error":""},"_links":{"self":[{"href":"https:\/\/www.europesays.com\/be-fr\/wp-json\/wp\/v2\/posts\/124206","targetHints":{"allow":["GET"]}}],"collection":[{"href":"https:\/\/www.europesays.com\/be-fr\/wp-json\/wp\/v2\/posts"}],"about":[{"href":"https:\/\/www.europesays.com\/be-fr\/wp-json\/wp\/v2\/types\/post"}],"author":[{"embeddable":true,"href":"https:\/\/www.europesays.com\/be-fr\/wp-json\/wp\/v2\/users\/2"}],"replies":[{"embeddable":true,"href":"https:\/\/www.europesays.com\/be-fr\/wp-json\/wp\/v2\/comments?post=124206"}],"version-history":[{"count":0,"href":"https:\/\/www.europesays.com\/be-fr\/wp-json\/wp\/v2\/posts\/124206\/revisions"}],"wp:featuredmedia":[{"embeddable":true,"href":"https:\/\/www.europesays.com\/be-fr\/wp-json\/wp\/v2\/media\/124207"}],"wp:attachment":[{"href":"https:\/\/www.europesays.com\/be-fr\/wp-json\/wp\/v2\/media?parent=124206"}],"wp:term":[{"taxonomy":"category","embeddable":true,"href":"https:\/\/www.europesays.com\/be-fr\/wp-json\/wp\/v2\/categories?post=124206"},{"taxonomy":"post_tag","embeddable":true,"href":"https:\/\/www.europesays.com\/be-fr\/wp-json\/wp\/v2\/tags?post=124206"}],"curies":[{"name":"wp","href":"https:\/\/api.w.org\/{rel}","templated":true}]}}