{"id":124242,"date":"2026-05-30T12:12:12","date_gmt":"2026-05-30T12:12:12","guid":{"rendered":"https:\/\/www.europesays.com\/be-fr\/124242\/"},"modified":"2026-05-30T12:12:12","modified_gmt":"2026-05-30T12:12:12","slug":"quelle-epoque-qui-sont-les-invites-de-lea-salame-ce-samedi-30-mai-2026","status":"publish","type":"post","link":"https:\/\/www.europesays.com\/be-fr\/124242\/","title":{"rendered":"\u00abQuelle \u00e9poque !\u00bb : qui sont les invit\u00e9s de L\u00e9a Salam\u00e9 ce samedi 30 mai 2026 ?"},"content":{"rendered":"<p>\n    D\u00e8s 23h25, la journaliste accompagn\u00e9e d\u2019Hugo Cl\u00e9ment, recevra notamment Louis Bodin, Estelle Lef\u00e9bure, Ma\u00eftena Biraben ou encore Matthieu Delormeau;<\/p>\n<p class=\"fig-paragraph\">C\u2019est le rendez-vous du samedi soir.\u00a0<a href=\"http:\/\/tvmag.lefigaro.fr\/programme-tv\/actu-tele\/une-reunion-de-copropriete-de-l-entre-soi-lea-salame-critiquee-pour-sa-presentation-de-patrick-cohen-dans-quelle-epoque-20260526\" target=\"_blank\" data-fig-type=\"Article\" rel=\"noopener nofollow\" data-gtm-custom-categorie=\"navigation\" data-gtm-custom-action=\"crossclick\" data-gtm-custom-label=\"Contextuel\" data-gtm-event=\"customEventSPE\" data-fig-domain=\"TVMAG\">L\u00e9a Salam\u00e9<\/a>\u00a0pr\u00e9sentera un nouveau num\u00e9ro de \u00abQuelle \u00e9poque\u00a0!\u00bb ce samedi 20 mai sur France 2, \u00e0 partir de 23 h 25, en compagnie de son chroniqueur permanent\u00a0<a href=\"http:\/\/tvmag.lefigaro.fr\/programme-tv\/people\/oui-ca-fait-peur-le-pari-fou-d-hugo-clement-20260405\" target=\"_blank\" data-fig-type=\"Article\" rel=\"noopener nofollow\" data-gtm-custom-categorie=\"navigation\" data-gtm-custom-action=\"crossclick\" data-gtm-custom-label=\"Contextuel\" data-gtm-event=\"customEventSPE\" data-fig-domain=\"TVMAG\">Hugo Cl\u00e9ment<\/a>\u00a0et de son humoriste\u00a0<a href=\"http:\/\/tvmag.lefigaro.fr\/programme-tv\/actu-tele\/quelle-epoque-intervention-embarrassante-de-l-humoriste-charlotte-dhenaux-nouvelle-recrue-de-l-emission-20230910\" target=\"_blank\" data-fig-type=\"Article\" rel=\"noopener nofollow\" data-gtm-custom-categorie=\"navigation\" data-gtm-custom-action=\"crossclick\" data-gtm-custom-label=\"Contextuel\" data-gtm-event=\"customEventSPE\" data-fig-domain=\"TVMAG\">Charlotte Dhenaux<\/a>. Comme d\u2019habitude, une ribambelle d\u2019invit\u00e9s sera autour de la table.<\/p>\n<p class=\"fig-paragraph\">\u00c0 commencer par les journalistes m\u00e9t\u00e9o\u00a0<a href=\"http:\/\/tvmag.lefigaro.fr\/programme-tv\/actu-tele\/ce-sera-sans-moi-laurent-romejko-balaye-l-idee-de-revenir-dans-des-chiffres-et-des-lettres-20260330\" target=\"_blank\" data-fig-type=\"Article\" rel=\"noopener nofollow\" data-gtm-custom-categorie=\"navigation\" data-gtm-custom-action=\"crossclick\" data-gtm-custom-label=\"Contextuel\" data-gtm-event=\"customEventSPE\" data-fig-domain=\"TVMAG\">Laurent Romejko<\/a> \u00a0et\u00a0<a href=\"http:\/\/tvmag.lefigaro.fr\/programme-tv\/actu-tele\/ca-m-agace-louis-bodin-se-defend-apres-l-episode-neigeux-juge-sous-evalue-par-meteo-france-20260106\" target=\"_blank\" data-fig-type=\"Article\" rel=\"noopener nofollow\" data-gtm-custom-categorie=\"navigation\" data-gtm-custom-action=\"crossclick\" data-gtm-custom-label=\"Contextuel\" data-gtm-event=\"customEventSPE\" data-fig-domain=\"TVMAG\">Louis Bodin<\/a>, pour \u00e9voquer la vague de chaleur qui traverse la France depuis une semaine. \u00c0 leurs c\u00f4t\u00e9s, l\u2019ex-mannequin\u00a0<a href=\"http:\/\/tvmag.lefigaro.fr\/programme-tv\/actu-tele\/une-chronique-pour-les-femmes-de-plus-de-50-ans-estelle-lefebure-integre-le-mag-de-la-sante-20250823\" target=\"_blank\" data-fig-type=\"Article\" rel=\"noopener nofollow\" data-gtm-custom-categorie=\"navigation\" data-gtm-custom-action=\"crossclick\" data-gtm-custom-label=\"Contextuel\" data-gtm-event=\"customEventSPE\" data-fig-domain=\"TVMAG\">Estelle Lef\u00e9bure<\/a>, qui vient de f\u00eater ses 60 ans, \u00e0 l\u2019occasion de la sortie de son livre Mes meilleures recettes bien-\u00eatre, aux \u00e9ditions Flammarion.<\/p>\n<p>                                                <a class=\"fig-a11y-skip\" href=\"#fig-a11y-skip-main-inarticle\" is=\"fig-a11y-skip\" data-trigger-mode=\"visible-once\"><br \/>\n    Passer la publicit\u00e9<br \/>\n<\/a>            <\/p>\n<p class=\"fig-paragraph\">Un plateau tr\u00e8s f\u00e9minin puisque\u00a0<a href=\"http:\/\/tvmag.lefigaro.fr\/programme-tv\/people\/je-ne-peux-pas-dire-merci-maitena-biraben-evoque-ses-3-5-millions-d-euros-d-indemnites-apres-son-proces-contre-canal-20260420\" target=\"_blank\" data-fig-type=\"Article\" rel=\"noopener nofollow\" data-gtm-custom-categorie=\"navigation\" data-gtm-custom-action=\"crossclick\" data-gtm-custom-label=\"Contextuel\" data-gtm-event=\"customEventSPE\" data-fig-domain=\"TVMAG\">Ma\u00eftena Biraben<\/a>, Alexandra Crucq,\u00a0<a href=\"http:\/\/tvmag.lefigaro.fr\/programme-tv\/actu-tele\/j-ai-drague-patrick-cohen-un-soir-anne-elisabeth-lemoine-surprise-par-les-revelations-d-elsa-wolinski-20250327\" target=\"_blank\" data-fig-type=\"Article\" rel=\"noopener nofollow\" data-gtm-custom-categorie=\"navigation\" data-gtm-custom-action=\"crossclick\" data-gtm-custom-label=\"Contextuel\" data-gtm-event=\"customEventSPE\" data-fig-domain=\"TVMAG\">Elsa Wolinski<\/a> \u00a0et\u00a0<a href=\"https:\/\/tvmag.lefigaro.fr\/programme-tv\/ariane-massenet-revient-sur-canal-_c8a25480-3900-11e9-9fc2-bc01f94561c2\" target=\"_blank\" data-fig-type=\"Article\" rel=\"noopener nofollow\" data-gtm-custom-categorie=\"navigation\" data-gtm-custom-action=\"crossclick\" data-gtm-custom-label=\"Contextuel\" data-gtm-event=\"customEventSPE\" data-fig-domain=\"TVMAG\">Ariane Massenet<\/a>, les fondatrices de Mesdames M\u00e9dia, \u00able m\u00e9dia pour les femmes de plus de 45 ans\u00bb qui cartonne sur les r\u00e9seaux sociaux, seront \u00e9galement pr\u00e9sentes. Tout comme la com\u00e9dienne\u00a0<a href=\"http:\/\/tvmag.lefigaro.fr\/programme-tv\/people\/il-m-a-appele-tous-les-jours-melanie-page-se-confie-sur-sa-rencontre-avec-nagui-il-y-a-25-ans-20260417\" target=\"_blank\" data-fig-type=\"Article\" rel=\"noopener nofollow\" data-gtm-custom-categorie=\"navigation\" data-gtm-custom-action=\"crossclick\" data-gtm-custom-label=\"Contextuel\" data-gtm-event=\"customEventSPE\" data-fig-domain=\"TVMAG\">M\u00e9lanie Page<\/a> \u00a0pour la sortie de son livre Peaux \u00e0 peaux chez Albin Michel.<\/p>\n<p class=\"fig-paragraph\"><a href=\"http:\/\/tvmag.lefigaro.fr\/programme-tv\/actu-tele\/c-est-n-importe-quoi-matthieu-delormeau-dement-sa-mise-a-l-ecart-de-tout-beau-tout-n9uf-20260519\" target=\"_blank\" data-fig-type=\"Article\" rel=\"noopener nofollow\" data-gtm-custom-categorie=\"navigation\" data-gtm-custom-action=\"crossclick\" data-gtm-custom-label=\"Contextuel\" data-gtm-event=\"customEventSPE\" data-fig-domain=\"TVMAG\">Matthieu Delormeau<\/a> \u00a0sera \u00e9galement de la partie pour promouvoir Addictions, il a suffi d\u2019une fois aux \u00e9ditions Leduc, ouvrage dans lequel il se livre sans fard sur son addiction \u00e0 la coca\u00efne et au GHB.<\/p>\n<p class=\"fig-paragraph\">Puis, pour la derni\u00e8re partie de l\u2019\u00e9mission, Yoan-Louis Sudres, coiffeur \u00e0 Toulouse et sosie officiel de\u00a0<a href=\"http:\/\/tvmag.lefigaro.fr\/programme-tv\/people\/quand-pierre-niney-et-loris-giuliano-miment-y-a-que-la-verite-qui-compte-et-the-voice-a-bercy-20260310\" target=\"_blank\" data-fig-type=\"Article\" rel=\"noopener nofollow\" data-gtm-custom-categorie=\"navigation\" data-gtm-custom-action=\"crossclick\" data-gtm-custom-label=\"Contextuel\" data-gtm-event=\"customEventSPE\" data-fig-domain=\"TVMAG\">Pierre Niney<\/a>\u00a0qui a r\u00e9cemment affol\u00e9 les internautes, r\u00e9pondra aux questions de la pr\u00e9sentatrice du 20 Heures de France 2. Sans oublier l\u2019homme d\u2019affaires\u00a0<a href=\"https:\/\/video.lefigaro.fr\/figaro\/on-est-tous-un-enfant-rate-benjamin-patou-repond-a-frederic-beigbeder-20260522\" target=\"_blank\" data-fig-type=\"Video\" rel=\"noopener nofollow\" data-gtm-custom-categorie=\"navigation\" data-gtm-custom-action=\"crossclick\" data-gtm-custom-label=\"Contextuel\" data-gtm-event=\"customEventSPE\" data-fig-domain=\"LEFIGARO\">Benjamin Patou<\/a>, qui d\u00e9tient notamment le restaurant parisien Lap\u00e9rouse. Il publie le livre Itin\u00e9raire d\u2019un enfant rat\u00e9, aux \u00e9ditions Fayard.<\/p>\n","protected":false},"excerpt":{"rendered":"D\u00e8s 23h25, la journaliste accompagn\u00e9e d\u2019Hugo Cl\u00e9ment, recevra notamment Louis Bodin, Estelle Lef\u00e9bure, Ma\u00eftena Biraben ou encore Matthieu&hellip;\n","protected":false},"author":2,"featured_media":124243,"comment_status":"","ping_status":"","sticky":false,"template":"","format":"standard","meta":{"footnotes":"","_share_on_mastodon":"0"},"categories":[99],"tags":[12,13,18,17,96,95,10955,2497,112],"class_list":["post-124242","post","type-post","status-publish","format-standard","has-post-thumbnail","category-television","tag-be","tag-be-fr","tag-belgique","tag-belgium","tag-divertissement","tag-entertainment","tag-hugo-clement","tag-lea-salame","tag-television"],"share_on_mastodon":{"url":"https:\/\/pubeurope.com\/@be_fr\/116663467574329401","error":""},"_links":{"self":[{"href":"https:\/\/www.europesays.com\/be-fr\/wp-json\/wp\/v2\/posts\/124242","targetHints":{"allow":["GET"]}}],"collection":[{"href":"https:\/\/www.europesays.com\/be-fr\/wp-json\/wp\/v2\/posts"}],"about":[{"href":"https:\/\/www.europesays.com\/be-fr\/wp-json\/wp\/v2\/types\/post"}],"author":[{"embeddable":true,"href":"https:\/\/www.europesays.com\/be-fr\/wp-json\/wp\/v2\/users\/2"}],"replies":[{"embeddable":true,"href":"https:\/\/www.europesays.com\/be-fr\/wp-json\/wp\/v2\/comments?post=124242"}],"version-history":[{"count":0,"href":"https:\/\/www.europesays.com\/be-fr\/wp-json\/wp\/v2\/posts\/124242\/revisions"}],"wp:featuredmedia":[{"embeddable":true,"href":"https:\/\/www.europesays.com\/be-fr\/wp-json\/wp\/v2\/media\/124243"}],"wp:attachment":[{"href":"https:\/\/www.europesays.com\/be-fr\/wp-json\/wp\/v2\/media?parent=124242"}],"wp:term":[{"taxonomy":"category","embeddable":true,"href":"https:\/\/www.europesays.com\/be-fr\/wp-json\/wp\/v2\/categories?post=124242"},{"taxonomy":"post_tag","embeddable":true,"href":"https:\/\/www.europesays.com\/be-fr\/wp-json\/wp\/v2\/tags?post=124242"}],"curies":[{"name":"wp","href":"https:\/\/api.w.org\/{rel}","templated":true}]}}