{"id":125159,"date":"2026-05-31T12:38:10","date_gmt":"2026-05-31T12:38:10","guid":{"rendered":"https:\/\/www.europesays.com\/be-fr\/125159\/"},"modified":"2026-05-31T12:38:10","modified_gmt":"2026-05-31T12:38:10","slug":"coup-de-tonnerre-a-lunion-saint-gilloise-le-capitaine-christian-burgess-quitte-le-club","status":"publish","type":"post","link":"https:\/\/www.europesays.com\/be-fr\/125159\/","title":{"rendered":"Coup de tonnerre \u00e0 l&rsquo;Union Saint-Gilloise : le capitaine Christian Burgess quitte le club !"},"content":{"rendered":"<p class=\"ap-StoryElement ap-StoryElement--mb ap-StoryText\">Ce d\u00e9part n&rsquo;est pas sans rappeler celui d&rsquo;Anthony Moris il y a un an. L&rsquo;ancien capitaine avait lui aussi quitt\u00e9 Saint-Gilles \u00e0 l&rsquo;expiration de son contrat, pr\u00e9f\u00e9rant rejoindre l&rsquo;Arabie saoudite, o\u00f9 un bail de deux saisons l&rsquo;attendait, plut\u00f4t que d&rsquo;accepter l&rsquo;unique ann\u00e9e suppl\u00e9mentaire propos\u00e9e par l&rsquo;Union.<\/p>\n<p><a href=\"https:\/\/www.dhnet.be\/sports\/football\/diablesrouges\/2026\/05\/31\/je-ne-vais-pas-tourner-autour-du-pot-kevin-de-bruyne-jette-un-sacre-froid-sur-son-avenir-a-naples-et-egratigne-antonio-conte-6XQVBWPNG5DJ3GI6QEZBUXFM7E\/\" target=\"_self\" class=\"ap-StoryInterstitialLink ap-StoryElement ap-StoryElement--mb\" rel=\"nofollow noopener\">\u00ab\u00a0Je ne vais pas tourner autour du pot\u00a0\u00bb : Kevin De Bruyne jette un sacr\u00e9 froid sur son avenir \u00e0 Naples et \u00e9gratigne Antonio Conte<\/a><\/p>\n<p class=\"ap-StoryElement ap-StoryElement--mb ap-StoryText\">Avec l&rsquo;annonce de la retraite de Guillaume Fran\u00e7ois au terme de cette saison, Burgess \u00e9tait devenu le dernier joueur du noyau \u00e0 avoir connu les ann\u00e9es de Division 1B. Cette saison encore, \u00ab\u00a0Air Burgey\u00a0\u00bb avait d\u00e9montr\u00e9 toute son importance dans l&rsquo;\u00e9quipe de David Hubert. Incontournable en championnat comme sur la sc\u00e8ne europ\u00e9enne, il a \u00e9t\u00e9 titulaire lors de 49 des 55 rencontres disput\u00e9es par l&rsquo;Union.<\/p>\n<p class=\"ap-StoryElement ap-StoryElement--mb ap-StoryText\">Au total, Christian Burgess aura disput\u00e9 262 matches sous les couleurs unionistes, inscrivant 18 buts et d\u00e9livrant 9 assists. Pour l&rsquo;heure, aucune information n&rsquo;a filtr\u00e9 concernant la prochaine destination du d\u00e9fenseur anglais.<\/p>\n<p class=\"ap-StoryElement ap-StoryElement--mb ap-StoryText\">\u00ab\u00a0Ce n&rsquo;est pas facile d&rsquo;\u00e9teindre les lumi\u00e8res, explique Christian Burgess. Chers Unionistes, vous allez me manquer. Merci du fond du c\u0153ur pour tout ce que nous avons v\u00e9cu ensemble. Bient\u00f4t, je reviendrai chanter avec vous pour notre \u00e9quipe, au Parc Duden.\u00a0\u00bb<\/p>\n","protected":false},"excerpt":{"rendered":"Ce d\u00e9part n&rsquo;est pas sans rappeler celui d&rsquo;Anthony Moris il y a un an. L&rsquo;ancien capitaine avait lui&hellip;\n","protected":false},"author":2,"featured_media":125160,"comment_status":"","ping_status":"","sticky":false,"template":"","format":"standard","meta":{"footnotes":"","_share_on_mastodon":"0"},"categories":[8],"tags":[10,12,13,18,17,1076,1077,1078,1079,1080,482,11,3745,33162,1081,1766,4978,906,2860,1082],"class_list":["post-125159","post","type-post","status-publish","format-standard","has-post-thumbnail","category-actualites","tag-actualites","tag-be","tag-be-fr","tag-belgique","tag-belgium","tag-d1","tag-division-un","tag-eerste-klasse","tag-first-division","tag-foot","tag-football","tag-news","tag-po1","tag-poa","tag-premiere-division","tag-rsca","tag-rusg","tag-soccer","tag-usg","tag-voetbal"],"share_on_mastodon":{"url":"https:\/\/pubeurope.com\/@be_fr\/116669232402331615","error":""},"_links":{"self":[{"href":"https:\/\/www.europesays.com\/be-fr\/wp-json\/wp\/v2\/posts\/125159","targetHints":{"allow":["GET"]}}],"collection":[{"href":"https:\/\/www.europesays.com\/be-fr\/wp-json\/wp\/v2\/posts"}],"about":[{"href":"https:\/\/www.europesays.com\/be-fr\/wp-json\/wp\/v2\/types\/post"}],"author":[{"embeddable":true,"href":"https:\/\/www.europesays.com\/be-fr\/wp-json\/wp\/v2\/users\/2"}],"replies":[{"embeddable":true,"href":"https:\/\/www.europesays.com\/be-fr\/wp-json\/wp\/v2\/comments?post=125159"}],"version-history":[{"count":0,"href":"https:\/\/www.europesays.com\/be-fr\/wp-json\/wp\/v2\/posts\/125159\/revisions"}],"wp:featuredmedia":[{"embeddable":true,"href":"https:\/\/www.europesays.com\/be-fr\/wp-json\/wp\/v2\/media\/125160"}],"wp:attachment":[{"href":"https:\/\/www.europesays.com\/be-fr\/wp-json\/wp\/v2\/media?parent=125159"}],"wp:term":[{"taxonomy":"category","embeddable":true,"href":"https:\/\/www.europesays.com\/be-fr\/wp-json\/wp\/v2\/categories?post=125159"},{"taxonomy":"post_tag","embeddable":true,"href":"https:\/\/www.europesays.com\/be-fr\/wp-json\/wp\/v2\/tags?post=125159"}],"curies":[{"name":"wp","href":"https:\/\/api.w.org\/{rel}","templated":true}]}}