{"id":125273,"date":"2026-05-31T14:58:07","date_gmt":"2026-05-31T14:58:07","guid":{"rendered":"https:\/\/www.europesays.com\/be-fr\/125273\/"},"modified":"2026-05-31T14:58:07","modified_gmt":"2026-05-31T14:58:07","slug":"bezzecchi-repond-a-martin-aprilia-senvole","status":"publish","type":"post","link":"https:\/\/www.europesays.com\/be-fr\/125273\/","title":{"rendered":"Bezzecchi r\u00e9pond \u00e0 Mart\u00edn, Aprilia s&rsquo;envole"},"content":{"rendered":"<p>L\u00e9g\u00e8rement repris par son dauphin <a href=\"https:\/\/fr.motorsport.com\/driver\/jorge-martin\/109391\/\" target=\"_blank\" rel=\"noopener nofollow\">Jorge Mart\u00edn<\/a> lors du sprint, <a href=\"https:\/\/fr.motorsport.com\/driver\/marco-bezzecchi\/441839\/\" target=\"_blank\" rel=\"noopener nofollow\">Marco Bezzecchi<\/a> a r\u00e9pliqu\u00e9 de la meilleure des mani\u00e8res en s&rsquo;imposant de nouveau ce dimanche. Gr\u00e2ce \u00e0 cette victoire, le pilote Aprilia porte son avance \u00e0 17 points sur son co\u00e9quipier au championnat.<\/p>\n<p><a href=\"https:\/\/fr.motorsport.com\/driver\/fabio-di-giannantonio\/289538\/\" target=\"_blank\" rel=\"noopener nofollow\">Fabio Di Giannantonio<\/a> limite quant \u00e0 lui les d\u00e9g\u00e2ts avec une cinqui\u00e8me place. L&rsquo;Italien reste au contact des leaders, \u00e0 22 points de Bezzecchi et Mart\u00edn.<\/p>\n<p>Auteur d&rsquo;une solide quatri\u00e8me place, <a href=\"https:\/\/fr.motorsport.com\/driver\/ai-ogura\/471489\/\" target=\"_blank\" rel=\"noopener nofollow\">Ai Ogura<\/a> profite dans le m\u00eame temps de la contre-performance de son co\u00e9quipier <a href=\"https:\/\/fr.motorsport.com\/driver\/raul-fernandez\/443094\/\" target=\"_blank\" rel=\"noopener nofollow\">Ra\u00fal Fern\u00e1ndez<\/a> pour lui ravir la cinqui\u00e8me position du classement g\u00e9n\u00e9ral. Bless\u00e9 et absent jusqu&rsquo;au Grand Prix de Hongrie, <a href=\"https:\/\/fr.motorsport.com\/driver\/alex-marquez\/96324\/\" target=\"_blank\" rel=\"noopener nofollow\">\u00c1lex M\u00e1rquez<\/a> recule au neuvi\u00e8me rang, derri\u00e8re <a href=\"https:\/\/fr.motorsport.com\/driver\/pecco-bagnaia\/109394\/\" target=\"_blank\" rel=\"noopener nofollow\">Pecco Bagnaia<\/a> et son fr\u00e8re <a href=\"https:\/\/fr.motorsport.com\/driver\/marc-marquez\/92646\/\" target=\"_blank\" rel=\"noopener nofollow\">Marc M\u00e1rquez<\/a>.<\/p>\n<p>Lire aussi :<\/p>\n<p>Chez les constructeurs,\u00a0Aprilia r\u00e9alise de nouveau la bonne op\u00e9ration. La marque de\u00a0Noale d\u00e9croche non seulement sa premi\u00e8re victoire au Mugello, sur les terres de Ducati, mais signe \u00e9galement un doubl\u00e9 retentissant. Son avance au championnat grimpe d\u00e9sormais \u00e0 30 points sur Ducati, tandis que les deux constructeurs italiens comptent plus de 60 longueurs d&rsquo;avance sur KTM, troisi\u00e8me.<\/p>\n<p>Dans le classement des \u00e9quipes, Trackhouse, revenu \u00e0 hauteur de VR46 avant ce week-end, prend cette fois seul la deuxi\u00e8me place. Aprilia Racing conserve toutefois une marge confortable en t\u00eate avec 149 points d&rsquo;avance.<\/p>\n<p>Championnat pilotes apr\u00e8s le GP d&rsquo;Italie (7\/22)<\/p>\n<p>Championnat constructeurs apr\u00e8s le GP d&rsquo;Italie (7\/22)<\/p>\n<p>1<br \/>\nAprilia<br \/>\n218<br \/>\n32<br \/>\n32<br \/>\n37<br \/>\n24<br \/>\n37<br \/>\n19<br \/>\n37<\/p>\n<p>2<br \/>\nDucati<br \/>\n188<br \/>\n19<br \/>\n28<br \/>\n22<br \/>\n37<br \/>\n22<br \/>\n37<br \/>\n23<\/p>\n<p>3<br \/>\nKTM<br \/>\n125<br \/>\n32<br \/>\n10<br \/>\n23<br \/>\n14<br \/>\n17<br \/>\n18<br \/>\n11<\/p>\n<p>4<br \/>\nHonda<br \/>\n70<br \/>\n9<br \/>\n7<br \/>\n12<br \/>\n11<br \/>\n10<br \/>\n15<br \/>\n6<\/p>\n<p>5<br \/>\nYamaha<br \/>\n41<br \/>\n2<br \/>\n6<br \/>\n1<br \/>\n5<br \/>\n15<br \/>\n11<br \/>\n1<\/p>\n<p>Championnat \u00e9quipes apr\u00e8s le GP d&rsquo;Italie (7\/22)<\/p>\n<p>\u00a0<\/p>\n<p>            Votre avis nous int\u00e9resse !<\/p>\n<p class=\"mt-auto\">Qu&rsquo;aimeriez-vous voir sur Motorsport.com ?<\/p>\n<p>            <a href=\"#\" class=\"ms-link text-link font-bold\">R\u00e9pondez \u00e0 notre enqu\u00eate en 5 minutes.<\/a><\/p>\n<p class=\"mt-1 text-body\">&#8211; L&rsquo;\u00e9quipe Motorsport.com<\/p>\n","protected":false},"excerpt":{"rendered":"L\u00e9g\u00e8rement repris par son dauphin Jorge Mart\u00edn lors du sprint, Marco Bezzecchi a r\u00e9pliqu\u00e9 de la meilleure des&hellip;\n","protected":false},"author":2,"featured_media":125274,"comment_status":"","ping_status":"","sticky":false,"template":"","format":"standard","meta":{"footnotes":"","_share_on_mastodon":"0"},"categories":[81],"tags":[43748,12,13,18,17,43747,43520,4696,43521,84],"class_list":["post-125273","post","type-post","status-publish","format-standard","has-post-thumbnail","category-sports","tag-aprilia-senvole","tag-be","tag-be-fr","tag-belgique","tag-belgium","tag-championnat-bezzecchi-ru00e9pond-u00e0-martu00edn","tag-gp-ditalie","tag-motogp","tag-mugello","tag-sports"],"share_on_mastodon":{"url":"https:\/\/pubeurope.com\/@be_fr\/116669782749420327","error":""},"_links":{"self":[{"href":"https:\/\/www.europesays.com\/be-fr\/wp-json\/wp\/v2\/posts\/125273","targetHints":{"allow":["GET"]}}],"collection":[{"href":"https:\/\/www.europesays.com\/be-fr\/wp-json\/wp\/v2\/posts"}],"about":[{"href":"https:\/\/www.europesays.com\/be-fr\/wp-json\/wp\/v2\/types\/post"}],"author":[{"embeddable":true,"href":"https:\/\/www.europesays.com\/be-fr\/wp-json\/wp\/v2\/users\/2"}],"replies":[{"embeddable":true,"href":"https:\/\/www.europesays.com\/be-fr\/wp-json\/wp\/v2\/comments?post=125273"}],"version-history":[{"count":0,"href":"https:\/\/www.europesays.com\/be-fr\/wp-json\/wp\/v2\/posts\/125273\/revisions"}],"wp:featuredmedia":[{"embeddable":true,"href":"https:\/\/www.europesays.com\/be-fr\/wp-json\/wp\/v2\/media\/125274"}],"wp:attachment":[{"href":"https:\/\/www.europesays.com\/be-fr\/wp-json\/wp\/v2\/media?parent=125273"}],"wp:term":[{"taxonomy":"category","embeddable":true,"href":"https:\/\/www.europesays.com\/be-fr\/wp-json\/wp\/v2\/categories?post=125273"},{"taxonomy":"post_tag","embeddable":true,"href":"https:\/\/www.europesays.com\/be-fr\/wp-json\/wp\/v2\/tags?post=125273"}],"curies":[{"name":"wp","href":"https:\/\/api.w.org\/{rel}","templated":true}]}}